{"id":1891,"date":"2023-10-14T14:05:49","date_gmt":"2023-10-14T12:05:49","guid":{"rendered":"https:\/\/aumia.fr\/site\/?p=1891"},"modified":"2023-10-14T14:05:49","modified_gmt":"2023-10-14T12:05:49","slug":"conference-aumia","status":"publish","type":"post","link":"https:\/\/aumia.fr\/site\/conference-aumia\/","title":{"rendered":"Conf\u00e9rence AUMIA"},"content":{"rendered":"<p>[et_pb_section fb_built=\u00a0\u00bb1&Prime; theme_builder_area=\u00a0\u00bbpost_content\u00a0\u00bb _builder_version=\u00a0\u00bb4.22.1&Prime; _module_preset=\u00a0\u00bbdefault\u00a0\u00bb da_is_popup=\u00a0\u00bboff\u00a0\u00bb da_exit_intent=\u00a0\u00bboff\u00a0\u00bb da_has_close=\u00a0\u00bbon\u00a0\u00bb da_alt_close=\u00a0\u00bboff\u00a0\u00bb da_dark_close=\u00a0\u00bboff\u00a0\u00bb da_not_modal=\u00a0\u00bbon\u00a0\u00bb da_is_singular=\u00a0\u00bboff\u00a0\u00bb da_with_loader=\u00a0\u00bboff\u00a0\u00bb da_has_shadow=\u00a0\u00bbon\u00a0\u00bb da_disable_devices=\u00a0\u00bboff|off|off\u00a0\u00bb][et_pb_row _builder_version=\u00a0\u00bb4.22.1&Prime; _module_preset=\u00a0\u00bbdefault\u00a0\u00bb theme_builder_area=\u00a0\u00bbpost_content\u00a0\u00bb][et_pb_column _builder_version=\u00a0\u00bb4.22.1&Prime; _module_preset=\u00a0\u00bbdefault\u00a0\u00bb type=\u00a0\u00bb4_4&Prime; theme_builder_area=\u00a0\u00bbpost_content\u00a0\u00bb][et_pb_text _builder_version=\u00a0\u00bb4.22.1&Prime; _module_preset=\u00a0\u00bbdefault\u00a0\u00bb theme_builder_area=\u00a0\u00bbpost_content\u00a0\u00bb hover_enabled=\u00a0\u00bb0&Prime; sticky_enabled=\u00a0\u00bb0&Prime;]<\/p>\n<div class=\"page\" title=\"Page 1\">\n<div class=\"layoutArea\">\n<div class=\"column\">\n<div class=\"page\" title=\"Page 1\">\n<div class=\"layoutArea\">\n<div class=\"column\">\n<h2 style=\"text-align: center;\"><span style=\"color: #800000;\"><strong>Confe\u0301rence AUMIA<br \/>au muse\u0301e Marins et Capitaines de l\u2019i\u0302le d\u2019Arz <\/strong><\/span><\/h2>\n<p style=\"text-align: center;\"><span style=\"text-decoration: underline;\"><strong>Vendredi 3 Novembre a\u0300 17h30<\/strong><\/span><\/p>\n<p style=\"text-align: center;\"><strong><br \/><\/strong><\/p>\n<\/div>\n<\/div>\n<\/div>\n<p style=\"text-align: center;\"><span style=\"text-decoration: underline;\"><strong>Tara, goe\u0301lette d\u2019expe\u0301ditions scientifiques<br \/><\/strong><\/span><span style=\"text-decoration: underline;\"><strong><\/strong><\/span><span><em>Jean Collet<\/em> <\/span><\/p>\n<p><span>Capitaine de 1e\u0300re classe de la Marine Marchande, a suivi la construction et l\u2019armement de Tara et l\u2019a skippe\u0301 pendant plusieurs expe\u0301ditions. <\/span><\/p>\n<p><span>La goe\u0301lette TARA est depuis 2003 au service de la de\u0301couverte des oce\u0301ans, re\u0301servoirs de vie et poumon de la plane\u0300te, de la de\u0301rive arctique a\u0300 l\u2019e\u0301tude des coraux dans le Pacifique. Ne\u0301 de la vision de Jean-Louis Etienne (Antarctica), rachete\u0301 par Peter Blake (Seamaster), TARA continue ses expe\u0301ditions scientifiques, actuellement sur les co\u0302tes d\u2019Europe. <\/span><\/p>\n<\/div>\n<\/div>\n<\/div>\n<p>[\/et_pb_text][\/et_pb_column][\/et_pb_row][\/et_pb_section]<\/p>\n","protected":false},"excerpt":{"rendered":"<p>Confe\u0301rence AUMIAau muse\u0301e Marins et Capitaines de l\u2019i\u0302le d\u2019Arz Vendredi 3 Novembre a\u0300 17h30 Tara, goe\u0301lette d\u2019expe\u0301ditions scientifiquesJean Collet Capitaine de 1e\u0300re classe de la Marine Marchande, a suivi la [&hellip;]<\/p>\n","protected":false},"author":10,"featured_media":1892,"comment_status":"open","ping_status":"open","sticky":false,"template":"","format":"standard","meta":{"_et_pb_use_builder":"on","_et_pb_old_content":"","_et_gb_content_width":"","footnotes":""},"categories":[44,18],"tags":[],"yoast_head":"<!-- This site is optimized with the Yoast SEO plugin v22.6 - https:\/\/yoast.com\/wordpress\/plugins\/seo\/ -->\n<title>Conf\u00e9rence AUMIA | AUMIA<\/title>\n<meta name=\"description\" content=\"Conf\u00e9rence AUMIA au mus\u00e9e Marins et Capitaines de l\u2019\u00eele d\u2019ArzVendredi 3 Novembre \u00e0 17h30\" \/>\n<meta name=\"robots\" content=\"index, follow, max-snippet:-1, max-image-preview:large, max-video-preview:-1\" \/>\n<link rel=\"canonical\" href=\"https:\/\/aumia.fr\/site\/conference-aumia\/\" \/>\n<meta property=\"og:locale\" content=\"fr_FR\" \/>\n<meta property=\"og:type\" content=\"article\" \/>\n<meta property=\"og:title\" content=\"Conf\u00e9rence AUMIA | AUMIA\" \/>\n<meta property=\"og:description\" content=\"Conf\u00e9rence AUMIA au mus\u00e9e Marins et Capitaines de l\u2019\u00eele d\u2019ArzVendredi 3 Novembre \u00e0 17h30\" \/>\n<meta property=\"og:url\" content=\"https:\/\/aumia.fr\/site\/conference-aumia\/\" \/>\n<meta property=\"og:site_name\" content=\"AUMIA\" \/>\n<meta property=\"article:publisher\" content=\"https:\/\/www.facebook.com\/AUMIA-Ile-dArz-101486511686123\" \/>\n<meta property=\"article:published_time\" content=\"2023-10-14T12:05:49+00:00\" \/>\n<meta property=\"og:image\" content=\"http:\/\/aumia.fr\/site\/wp-content\/uploads\/2023\/10\/imageConf.jpg\" \/>\n\t<meta property=\"og:image:width\" content=\"1282\" \/>\n\t<meta property=\"og:image:height\" content=\"928\" \/>\n\t<meta property=\"og:image:type\" content=\"image\/jpeg\" \/>\n<meta name=\"author\" content=\"joelaumia\" \/>\n<meta name=\"twitter:card\" content=\"summary_large_image\" \/>\n<meta name=\"twitter:label1\" content=\"\u00c9crit par\" \/>\n\t<meta name=\"twitter:data1\" content=\"joelaumia\" \/>\n<script type=\"application\/ld+json\" class=\"yoast-schema-graph\">{\"@context\":\"https:\/\/schema.org\",\"@graph\":[{\"@type\":\"Article\",\"@id\":\"https:\/\/aumia.fr\/site\/conference-aumia\/#article\",\"isPartOf\":{\"@id\":\"https:\/\/aumia.fr\/site\/conference-aumia\/\"},\"author\":{\"name\":\"joelaumia\",\"@id\":\"https:\/\/aumia.fr\/site\/#\/schema\/person\/ffc5855d1c9330b9d05dc0bbb33e4e75\"},\"headline\":\"Conf\u00e9rence AUMIA\",\"datePublished\":\"2023-10-14T12:05:49+00:00\",\"dateModified\":\"2023-10-14T12:05:49+00:00\",\"mainEntityOfPage\":{\"@id\":\"https:\/\/aumia.fr\/site\/conference-aumia\/\"},\"wordCount\":234,\"commentCount\":0,\"publisher\":{\"@id\":\"https:\/\/aumia.fr\/site\/#organization\"},\"image\":{\"@id\":\"https:\/\/aumia.fr\/site\/conference-aumia\/#primaryimage\"},\"thumbnailUrl\":\"https:\/\/aumia.fr\/site\/wp-content\/uploads\/2023\/10\/imageConf.jpg\",\"articleSection\":[\"2023\",\"Conf\u00e9rences et r\u00e9unions\"],\"inLanguage\":\"fr-FR\",\"potentialAction\":[{\"@type\":\"CommentAction\",\"name\":\"Comment\",\"target\":[\"https:\/\/aumia.fr\/site\/conference-aumia\/#respond\"]}]},{\"@type\":\"WebPage\",\"@id\":\"https:\/\/aumia.fr\/site\/conference-aumia\/\",\"url\":\"https:\/\/aumia.fr\/site\/conference-aumia\/\",\"name\":\"Conf\u00e9rence AUMIA | AUMIA\",\"isPartOf\":{\"@id\":\"https:\/\/aumia.fr\/site\/#website\"},\"primaryImageOfPage\":{\"@id\":\"https:\/\/aumia.fr\/site\/conference-aumia\/#primaryimage\"},\"image\":{\"@id\":\"https:\/\/aumia.fr\/site\/conference-aumia\/#primaryimage\"},\"thumbnailUrl\":\"https:\/\/aumia.fr\/site\/wp-content\/uploads\/2023\/10\/imageConf.jpg\",\"datePublished\":\"2023-10-14T12:05:49+00:00\",\"dateModified\":\"2023-10-14T12:05:49+00:00\",\"description\":\"Conf\u00e9rence AUMIA au mus\u00e9e Marins et Capitaines de l\u2019\u00eele d\u2019ArzVendredi 3 Novembre \u00e0 17h30\",\"breadcrumb\":{\"@id\":\"https:\/\/aumia.fr\/site\/conference-aumia\/#breadcrumb\"},\"inLanguage\":\"fr-FR\",\"potentialAction\":[{\"@type\":\"ReadAction\",\"target\":[\"https:\/\/aumia.fr\/site\/conference-aumia\/\"]}]},{\"@type\":\"ImageObject\",\"inLanguage\":\"fr-FR\",\"@id\":\"https:\/\/aumia.fr\/site\/conference-aumia\/#primaryimage\",\"url\":\"https:\/\/aumia.fr\/site\/wp-content\/uploads\/2023\/10\/imageConf.jpg\",\"contentUrl\":\"https:\/\/aumia.fr\/site\/wp-content\/uploads\/2023\/10\/imageConf.jpg\",\"width\":1282,\"height\":928},{\"@type\":\"BreadcrumbList\",\"@id\":\"https:\/\/aumia.fr\/site\/conference-aumia\/#breadcrumb\",\"itemListElement\":[{\"@type\":\"ListItem\",\"position\":1,\"name\":\"Home\",\"item\":\"https:\/\/aumia.fr\/site\/\"},{\"@type\":\"ListItem\",\"position\":2,\"name\":\"Conf\u00e9rence AUMIA\"}]},{\"@type\":\"WebSite\",\"@id\":\"https:\/\/aumia.fr\/site\/#website\",\"url\":\"https:\/\/aumia.fr\/site\/\",\"name\":\"AUMIA\",\"description\":\"Association des Usagers des Mouillages de l&#039;\u00eele d&#039;Arz\",\"publisher\":{\"@id\":\"https:\/\/aumia.fr\/site\/#organization\"},\"potentialAction\":[{\"@type\":\"SearchAction\",\"target\":{\"@type\":\"EntryPoint\",\"urlTemplate\":\"https:\/\/aumia.fr\/site\/?s={search_term_string}\"},\"query-input\":\"required name=search_term_string\"}],\"inLanguage\":\"fr-FR\"},{\"@type\":\"Organization\",\"@id\":\"https:\/\/aumia.fr\/site\/#organization\",\"name\":\"AUMIA\",\"url\":\"https:\/\/aumia.fr\/site\/\",\"logo\":{\"@type\":\"ImageObject\",\"inLanguage\":\"fr-FR\",\"@id\":\"https:\/\/aumia.fr\/site\/#\/schema\/logo\/image\/\",\"url\":\"https:\/\/aumia.fr\/site\/wp-content\/uploads\/2016\/07\/logo.png\",\"contentUrl\":\"https:\/\/aumia.fr\/site\/wp-content\/uploads\/2016\/07\/logo.png\",\"width\":93,\"height\":94,\"caption\":\"AUMIA\"},\"image\":{\"@id\":\"https:\/\/aumia.fr\/site\/#\/schema\/logo\/image\/\"},\"sameAs\":[\"https:\/\/www.facebook.com\/AUMIA-Ile-dArz-101486511686123\"]},{\"@type\":\"Person\",\"@id\":\"https:\/\/aumia.fr\/site\/#\/schema\/person\/ffc5855d1c9330b9d05dc0bbb33e4e75\",\"name\":\"joelaumia\",\"image\":{\"@type\":\"ImageObject\",\"inLanguage\":\"fr-FR\",\"@id\":\"https:\/\/aumia.fr\/site\/#\/schema\/person\/image\/\",\"url\":\"https:\/\/secure.gravatar.com\/avatar\/20e4b5a560cc9c5a4b6f68dd037ed895?s=96&d=mm&r=g\",\"contentUrl\":\"https:\/\/secure.gravatar.com\/avatar\/20e4b5a560cc9c5a4b6f68dd037ed895?s=96&d=mm&r=g\",\"caption\":\"joelaumia\"}}]}<\/script>\n<!-- \/ Yoast SEO plugin. -->","yoast_head_json":{"title":"Conf\u00e9rence AUMIA | AUMIA","description":"Conf\u00e9rence AUMIA au mus\u00e9e Marins et Capitaines de l\u2019\u00eele d\u2019ArzVendredi 3 Novembre \u00e0 17h30","robots":{"index":"index","follow":"follow","max-snippet":"max-snippet:-1","max-image-preview":"max-image-preview:large","max-video-preview":"max-video-preview:-1"},"canonical":"https:\/\/aumia.fr\/site\/conference-aumia\/","og_locale":"fr_FR","og_type":"article","og_title":"Conf\u00e9rence AUMIA | AUMIA","og_description":"Conf\u00e9rence AUMIA au mus\u00e9e Marins et Capitaines de l\u2019\u00eele d\u2019ArzVendredi 3 Novembre \u00e0 17h30","og_url":"https:\/\/aumia.fr\/site\/conference-aumia\/","og_site_name":"AUMIA","article_publisher":"https:\/\/www.facebook.com\/AUMIA-Ile-dArz-101486511686123","article_published_time":"2023-10-14T12:05:49+00:00","og_image":[{"width":1282,"height":928,"url":"http:\/\/aumia.fr\/site\/wp-content\/uploads\/2023\/10\/imageConf.jpg","type":"image\/jpeg"}],"author":"joelaumia","twitter_card":"summary_large_image","twitter_misc":{"\u00c9crit par":"joelaumia"},"schema":{"@context":"https:\/\/schema.org","@graph":[{"@type":"Article","@id":"https:\/\/aumia.fr\/site\/conference-aumia\/#article","isPartOf":{"@id":"https:\/\/aumia.fr\/site\/conference-aumia\/"},"author":{"name":"joelaumia","@id":"https:\/\/aumia.fr\/site\/#\/schema\/person\/ffc5855d1c9330b9d05dc0bbb33e4e75"},"headline":"Conf\u00e9rence AUMIA","datePublished":"2023-10-14T12:05:49+00:00","dateModified":"2023-10-14T12:05:49+00:00","mainEntityOfPage":{"@id":"https:\/\/aumia.fr\/site\/conference-aumia\/"},"wordCount":234,"commentCount":0,"publisher":{"@id":"https:\/\/aumia.fr\/site\/#organization"},"image":{"@id":"https:\/\/aumia.fr\/site\/conference-aumia\/#primaryimage"},"thumbnailUrl":"https:\/\/aumia.fr\/site\/wp-content\/uploads\/2023\/10\/imageConf.jpg","articleSection":["2023","Conf\u00e9rences et r\u00e9unions"],"inLanguage":"fr-FR","potentialAction":[{"@type":"CommentAction","name":"Comment","target":["https:\/\/aumia.fr\/site\/conference-aumia\/#respond"]}]},{"@type":"WebPage","@id":"https:\/\/aumia.fr\/site\/conference-aumia\/","url":"https:\/\/aumia.fr\/site\/conference-aumia\/","name":"Conf\u00e9rence AUMIA | AUMIA","isPartOf":{"@id":"https:\/\/aumia.fr\/site\/#website"},"primaryImageOfPage":{"@id":"https:\/\/aumia.fr\/site\/conference-aumia\/#primaryimage"},"image":{"@id":"https:\/\/aumia.fr\/site\/conference-aumia\/#primaryimage"},"thumbnailUrl":"https:\/\/aumia.fr\/site\/wp-content\/uploads\/2023\/10\/imageConf.jpg","datePublished":"2023-10-14T12:05:49+00:00","dateModified":"2023-10-14T12:05:49+00:00","description":"Conf\u00e9rence AUMIA au mus\u00e9e Marins et Capitaines de l\u2019\u00eele d\u2019ArzVendredi 3 Novembre \u00e0 17h30","breadcrumb":{"@id":"https:\/\/aumia.fr\/site\/conference-aumia\/#breadcrumb"},"inLanguage":"fr-FR","potentialAction":[{"@type":"ReadAction","target":["https:\/\/aumia.fr\/site\/conference-aumia\/"]}]},{"@type":"ImageObject","inLanguage":"fr-FR","@id":"https:\/\/aumia.fr\/site\/conference-aumia\/#primaryimage","url":"https:\/\/aumia.fr\/site\/wp-content\/uploads\/2023\/10\/imageConf.jpg","contentUrl":"https:\/\/aumia.fr\/site\/wp-content\/uploads\/2023\/10\/imageConf.jpg","width":1282,"height":928},{"@type":"BreadcrumbList","@id":"https:\/\/aumia.fr\/site\/conference-aumia\/#breadcrumb","itemListElement":[{"@type":"ListItem","position":1,"name":"Home","item":"https:\/\/aumia.fr\/site\/"},{"@type":"ListItem","position":2,"name":"Conf\u00e9rence AUMIA"}]},{"@type":"WebSite","@id":"https:\/\/aumia.fr\/site\/#website","url":"https:\/\/aumia.fr\/site\/","name":"AUMIA","description":"Association des Usagers des Mouillages de l&#039;\u00eele d&#039;Arz","publisher":{"@id":"https:\/\/aumia.fr\/site\/#organization"},"potentialAction":[{"@type":"SearchAction","target":{"@type":"EntryPoint","urlTemplate":"https:\/\/aumia.fr\/site\/?s={search_term_string}"},"query-input":"required name=search_term_string"}],"inLanguage":"fr-FR"},{"@type":"Organization","@id":"https:\/\/aumia.fr\/site\/#organization","name":"AUMIA","url":"https:\/\/aumia.fr\/site\/","logo":{"@type":"ImageObject","inLanguage":"fr-FR","@id":"https:\/\/aumia.fr\/site\/#\/schema\/logo\/image\/","url":"https:\/\/aumia.fr\/site\/wp-content\/uploads\/2016\/07\/logo.png","contentUrl":"https:\/\/aumia.fr\/site\/wp-content\/uploads\/2016\/07\/logo.png","width":93,"height":94,"caption":"AUMIA"},"image":{"@id":"https:\/\/aumia.fr\/site\/#\/schema\/logo\/image\/"},"sameAs":["https:\/\/www.facebook.com\/AUMIA-Ile-dArz-101486511686123"]},{"@type":"Person","@id":"https:\/\/aumia.fr\/site\/#\/schema\/person\/ffc5855d1c9330b9d05dc0bbb33e4e75","name":"joelaumia","image":{"@type":"ImageObject","inLanguage":"fr-FR","@id":"https:\/\/aumia.fr\/site\/#\/schema\/person\/image\/","url":"https:\/\/secure.gravatar.com\/avatar\/20e4b5a560cc9c5a4b6f68dd037ed895?s=96&d=mm&r=g","contentUrl":"https:\/\/secure.gravatar.com\/avatar\/20e4b5a560cc9c5a4b6f68dd037ed895?s=96&d=mm&r=g","caption":"joelaumia"}}]}},"jetpack_featured_media_url":"https:\/\/aumia.fr\/site\/wp-content\/uploads\/2023\/10\/imageConf.jpg","_links":{"self":[{"href":"https:\/\/aumia.fr\/site\/wp-json\/wp\/v2\/posts\/1891"}],"collection":[{"href":"https:\/\/aumia.fr\/site\/wp-json\/wp\/v2\/posts"}],"about":[{"href":"https:\/\/aumia.fr\/site\/wp-json\/wp\/v2\/types\/post"}],"author":[{"embeddable":true,"href":"https:\/\/aumia.fr\/site\/wp-json\/wp\/v2\/users\/10"}],"replies":[{"embeddable":true,"href":"https:\/\/aumia.fr\/site\/wp-json\/wp\/v2\/comments?post=1891"}],"version-history":[{"count":3,"href":"https:\/\/aumia.fr\/site\/wp-json\/wp\/v2\/posts\/1891\/revisions"}],"predecessor-version":[{"id":1896,"href":"https:\/\/aumia.fr\/site\/wp-json\/wp\/v2\/posts\/1891\/revisions\/1896"}],"wp:featuredmedia":[{"embeddable":true,"href":"https:\/\/aumia.fr\/site\/wp-json\/wp\/v2\/media\/1892"}],"wp:attachment":[{"href":"https:\/\/aumia.fr\/site\/wp-json\/wp\/v2\/media?parent=1891"}],"wp:term":[{"taxonomy":"category","embeddable":true,"href":"https:\/\/aumia.fr\/site\/wp-json\/wp\/v2\/categories?post=1891"},{"taxonomy":"post_tag","embeddable":true,"href":"https:\/\/aumia.fr\/site\/wp-json\/wp\/v2\/tags?post=1891"}],"curies":[{"name":"wp","href":"https:\/\/api.w.org\/{rel}","templated":true}]}}