{"id":1918,"date":"2023-12-01T15:57:06","date_gmt":"2023-12-01T14:57:06","guid":{"rendered":"https:\/\/aumia.fr\/site\/?p=1918"},"modified":"2023-12-01T17:10:27","modified_gmt":"2023-12-01T16:10:27","slug":"avenir-de-la-mer-en-2050","status":"publish","type":"post","link":"https:\/\/aumia.fr\/site\/avenir-de-la-mer-en-2050\/","title":{"rendered":"planification maritime"},"content":{"rendered":"<p>[et_pb_section fb_built=\u00a0\u00bb1&Prime; _builder_version=\u00a0\u00bb4.22.1&Prime; _module_preset=\u00a0\u00bbdefault\u00a0\u00bb da_disable_devices=\u00a0\u00bboff|off|off\u00a0\u00bb global_colors_info=\u00a0\u00bb{}\u00a0\u00bb da_is_popup=\u00a0\u00bboff\u00a0\u00bb da_exit_intent=\u00a0\u00bboff\u00a0\u00bb da_has_close=\u00a0\u00bbon\u00a0\u00bb da_alt_close=\u00a0\u00bboff\u00a0\u00bb da_dark_close=\u00a0\u00bboff\u00a0\u00bb da_not_modal=\u00a0\u00bbon\u00a0\u00bb da_is_singular=\u00a0\u00bboff\u00a0\u00bb da_with_loader=\u00a0\u00bboff\u00a0\u00bb da_has_shadow=\u00a0\u00bbon\u00a0\u00bb][et_pb_row _builder_version=\u00a0\u00bb4.22.1&Prime; _module_preset=\u00a0\u00bbdefault\u00a0\u00bb global_colors_info=\u00a0\u00bb{}\u00a0\u00bb][et_pb_column type=\u00a0\u00bb4_4&Prime; _builder_version=\u00a0\u00bb4.22.1&Prime; _module_preset=\u00a0\u00bbdefault\u00a0\u00bb global_colors_info=\u00a0\u00bb{}\u00a0\u00bb][et_pb_text _builder_version=\u00a0\u00bb4.22.1&Prime; _module_preset=\u00a0\u00bbdefault\u00a0\u00bb hover_enabled=\u00a0\u00bb0&Prime; global_colors_info=\u00a0\u00bb{}\u00a0\u00bb sticky_enabled=\u00a0\u00bb0&Prime;]<\/p>\n<p><span style=\"color: #333333;\"><span style=\"font-family: Arial, serif;\"><span style=\"font-size: medium;\">Quel avenir pour les espaces maritimes fran\u00e7ais en 2050\u00a0? <\/span><\/span><\/span><\/p>\n<p><span style=\"color: #333333;\"><span style=\"font-family: Arial, serif;\"><span style=\"font-size: medium;\">Cela semble \u00eatre une question bien complexe, destin\u00e9e aux professionnels du secteur. Et\u00a0 bien non ! Il s\u2019agit du th\u00e8me du d\u00e9bat public, intitul\u00e9 la mer en d\u00e9bat et lanc\u00e9 ce lundi 20 novembre par la Commission nationale du d\u00e9bat public (CNDP). Il s\u2019ach\u00e8vera le 26 avril 2024.<\/span><\/span><\/span><\/p>\n<p><span style=\"color: #333333;\"><span style=\"font-family: Arial, serif;\"><span style=\"font-size: medium;\">Plus de d\u00e9tails en cliquant sur le lien ci dessous.<\/span><\/span><\/span><\/p>\n<p>[\/et_pb_text][\/et_pb_column][\/et_pb_row][\/et_pb_section][et_pb_section fb_built=\u00a0\u00bb1&Prime; _builder_version=\u00a0\u00bb4.22.1&Prime; _module_preset=\u00a0\u00bbdefault\u00a0\u00bb da_disable_devices=\u00a0\u00bboff|off|off\u00a0\u00bb global_colors_info=\u00a0\u00bb{}\u00a0\u00bb da_is_popup=\u00a0\u00bboff\u00a0\u00bb da_exit_intent=\u00a0\u00bboff\u00a0\u00bb da_has_close=\u00a0\u00bbon\u00a0\u00bb da_alt_close=\u00a0\u00bboff\u00a0\u00bb da_dark_close=\u00a0\u00bboff\u00a0\u00bb da_not_modal=\u00a0\u00bbon\u00a0\u00bb da_is_singular=\u00a0\u00bboff\u00a0\u00bb da_with_loader=\u00a0\u00bboff\u00a0\u00bb da_has_shadow=\u00a0\u00bbon\u00a0\u00bb][et_pb_row _builder_version=\u00a0\u00bb4.22.1&Prime; _module_preset=\u00a0\u00bbdefault\u00a0\u00bb global_colors_info=\u00a0\u00bb{}\u00a0\u00bb][et_pb_column type=\u00a0\u00bb4_4&Prime; _builder_version=\u00a0\u00bb4.22.1&Prime; _module_preset=\u00a0\u00bbdefault\u00a0\u00bb global_colors_info=\u00a0\u00bb{}\u00a0\u00bb][et_pb_text _builder_version=\u00a0\u00bb4.22.1&Prime; _module_preset=\u00a0\u00bbdefault\u00a0\u00bb custom_padding=\u00a0\u00bb6px||4px|||\u00a0\u00bb hover_enabled=\u00a0\u00bb0&Prime; global_colors_info=\u00a0\u00bb{}\u00a0\u00bb sticky_enabled=\u00a0\u00bb0&Prime;]<\/p>\n<p><a href=\"http:\/\/aumia.fr\/site\/wp-content\/uploads\/2023\/12\/Planification-maritime-1.pdf\" rel=\"attachment wp-att-1930\">Planification maritime<\/a><\/p>\n<p>[\/et_pb_text][\/et_pb_column][\/et_pb_row][\/et_pb_section][et_pb_section fb_built=\u00a0\u00bb1&Prime; _builder_version=\u00a0\u00bb4.22.1&Prime; _module_preset=\u00a0\u00bbdefault\u00a0\u00bb da_disable_devices=\u00a0\u00bboff|off|off\u00a0\u00bb global_colors_info=\u00a0\u00bb{}\u00a0\u00bb da_is_popup=\u00a0\u00bboff\u00a0\u00bb da_exit_intent=\u00a0\u00bboff\u00a0\u00bb da_has_close=\u00a0\u00bbon\u00a0\u00bb da_alt_close=\u00a0\u00bboff\u00a0\u00bb da_dark_close=\u00a0\u00bboff\u00a0\u00bb da_not_modal=\u00a0\u00bbon\u00a0\u00bb da_is_singular=\u00a0\u00bboff\u00a0\u00bb da_with_loader=\u00a0\u00bboff\u00a0\u00bb da_has_shadow=\u00a0\u00bbon\u00a0\u00bb][\/et_pb_section]<\/p>\n","protected":false},"excerpt":{"rendered":"<p>Comment donner votre avis sur l\u2019avenir de la mer d\u2019ici 2050\u00a0?<\/p>\n","protected":false},"author":3,"featured_media":0,"comment_status":"open","ping_status":"open","sticky":false,"template":"","format":"standard","meta":{"_et_pb_use_builder":"on","_et_pb_old_content":"","_et_gb_content_width":"","footnotes":""},"categories":[44,1,4],"tags":[],"yoast_head":"<!-- This site is optimized with the Yoast SEO plugin v22.6 - https:\/\/yoast.com\/wordpress\/plugins\/seo\/ -->\n<title>planification maritime | AUMIA<\/title>\n<meta name=\"description\" content=\"Planification maritime\" \/>\n<meta name=\"robots\" content=\"index, follow, max-snippet:-1, max-image-preview:large, max-video-preview:-1\" \/>\n<link rel=\"canonical\" href=\"https:\/\/aumia.fr\/site\/avenir-de-la-mer-en-2050\/\" \/>\n<meta property=\"og:locale\" content=\"fr_FR\" \/>\n<meta property=\"og:type\" content=\"article\" \/>\n<meta property=\"og:title\" content=\"planification maritime | AUMIA\" \/>\n<meta property=\"og:description\" content=\"Planification maritime\" \/>\n<meta property=\"og:url\" content=\"https:\/\/aumia.fr\/site\/avenir-de-la-mer-en-2050\/\" \/>\n<meta property=\"og:site_name\" content=\"AUMIA\" \/>\n<meta property=\"article:publisher\" content=\"https:\/\/www.facebook.com\/AUMIA-Ile-dArz-101486511686123\" \/>\n<meta property=\"article:published_time\" content=\"2023-12-01T14:57:06+00:00\" \/>\n<meta property=\"article:modified_time\" content=\"2023-12-01T16:10:27+00:00\" \/>\n<meta property=\"og:image\" content=\"https:\/\/aumia.fr\/site\/wp-content\/uploads\/2022\/07\/Capture-de\u0301cran-2022-07-04-a\u0300-13.37.28.png\" \/>\n\t<meta property=\"og:image:width\" content=\"1439\" \/>\n\t<meta property=\"og:image:height\" content=\"727\" \/>\n\t<meta property=\"og:image:type\" content=\"image\/png\" \/>\n<meta name=\"author\" content=\"Pr\u00e9sident\" \/>\n<meta name=\"twitter:card\" content=\"summary_large_image\" \/>\n<meta name=\"twitter:label1\" content=\"\u00c9crit par\" \/>\n\t<meta name=\"twitter:data1\" content=\"Pr\u00e9sident\" \/>\n\t<meta name=\"twitter:label2\" content=\"Dur\u00e9e de lecture estim\u00e9e\" \/>\n\t<meta name=\"twitter:data2\" content=\"1 minute\" \/>\n<script type=\"application\/ld+json\" class=\"yoast-schema-graph\">{\"@context\":\"https:\/\/schema.org\",\"@graph\":[{\"@type\":\"Article\",\"@id\":\"https:\/\/aumia.fr\/site\/avenir-de-la-mer-en-2050\/#article\",\"isPartOf\":{\"@id\":\"https:\/\/aumia.fr\/site\/avenir-de-la-mer-en-2050\/\"},\"author\":{\"name\":\"Pr\u00e9sident\",\"@id\":\"https:\/\/aumia.fr\/site\/#\/schema\/person\/bb98b12b91174bfd801b25b2954732af\"},\"headline\":\"planification maritime\",\"datePublished\":\"2023-12-01T14:57:06+00:00\",\"dateModified\":\"2023-12-01T16:10:27+00:00\",\"mainEntityOfPage\":{\"@id\":\"https:\/\/aumia.fr\/site\/avenir-de-la-mer-en-2050\/\"},\"wordCount\":348,\"commentCount\":0,\"publisher\":{\"@id\":\"https:\/\/aumia.fr\/site\/#organization\"},\"articleSection\":{\"0\":\"2023\",\"2\":\"Technique\"},\"inLanguage\":\"fr-FR\",\"potentialAction\":[{\"@type\":\"CommentAction\",\"name\":\"Comment\",\"target\":[\"https:\/\/aumia.fr\/site\/avenir-de-la-mer-en-2050\/#respond\"]}]},{\"@type\":\"WebPage\",\"@id\":\"https:\/\/aumia.fr\/site\/avenir-de-la-mer-en-2050\/\",\"url\":\"https:\/\/aumia.fr\/site\/avenir-de-la-mer-en-2050\/\",\"name\":\"planification maritime | AUMIA\",\"isPartOf\":{\"@id\":\"https:\/\/aumia.fr\/site\/#website\"},\"datePublished\":\"2023-12-01T14:57:06+00:00\",\"dateModified\":\"2023-12-01T16:10:27+00:00\",\"description\":\"Planification maritime\",\"breadcrumb\":{\"@id\":\"https:\/\/aumia.fr\/site\/avenir-de-la-mer-en-2050\/#breadcrumb\"},\"inLanguage\":\"fr-FR\",\"potentialAction\":[{\"@type\":\"ReadAction\",\"target\":[\"https:\/\/aumia.fr\/site\/avenir-de-la-mer-en-2050\/\"]}]},{\"@type\":\"BreadcrumbList\",\"@id\":\"https:\/\/aumia.fr\/site\/avenir-de-la-mer-en-2050\/#breadcrumb\",\"itemListElement\":[{\"@type\":\"ListItem\",\"position\":1,\"name\":\"Home\",\"item\":\"https:\/\/aumia.fr\/site\/\"},{\"@type\":\"ListItem\",\"position\":2,\"name\":\"planification maritime\"}]},{\"@type\":\"WebSite\",\"@id\":\"https:\/\/aumia.fr\/site\/#website\",\"url\":\"https:\/\/aumia.fr\/site\/\",\"name\":\"AUMIA\",\"description\":\"Association des Usagers des Mouillages de l&#039;\u00eele d&#039;Arz\",\"publisher\":{\"@id\":\"https:\/\/aumia.fr\/site\/#organization\"},\"potentialAction\":[{\"@type\":\"SearchAction\",\"target\":{\"@type\":\"EntryPoint\",\"urlTemplate\":\"https:\/\/aumia.fr\/site\/?s={search_term_string}\"},\"query-input\":\"required name=search_term_string\"}],\"inLanguage\":\"fr-FR\"},{\"@type\":\"Organization\",\"@id\":\"https:\/\/aumia.fr\/site\/#organization\",\"name\":\"AUMIA\",\"url\":\"https:\/\/aumia.fr\/site\/\",\"logo\":{\"@type\":\"ImageObject\",\"inLanguage\":\"fr-FR\",\"@id\":\"https:\/\/aumia.fr\/site\/#\/schema\/logo\/image\/\",\"url\":\"https:\/\/aumia.fr\/site\/wp-content\/uploads\/2016\/07\/logo.png\",\"contentUrl\":\"https:\/\/aumia.fr\/site\/wp-content\/uploads\/2016\/07\/logo.png\",\"width\":93,\"height\":94,\"caption\":\"AUMIA\"},\"image\":{\"@id\":\"https:\/\/aumia.fr\/site\/#\/schema\/logo\/image\/\"},\"sameAs\":[\"https:\/\/www.facebook.com\/AUMIA-Ile-dArz-101486511686123\"]},{\"@type\":\"Person\",\"@id\":\"https:\/\/aumia.fr\/site\/#\/schema\/person\/bb98b12b91174bfd801b25b2954732af\",\"name\":\"Pr\u00e9sident\",\"image\":{\"@type\":\"ImageObject\",\"inLanguage\":\"fr-FR\",\"@id\":\"https:\/\/aumia.fr\/site\/#\/schema\/person\/image\/\",\"url\":\"https:\/\/secure.gravatar.com\/avatar\/a7c9725aee0ac92fa1983385c77e5f98?s=96&d=mm&r=g\",\"contentUrl\":\"https:\/\/secure.gravatar.com\/avatar\/a7c9725aee0ac92fa1983385c77e5f98?s=96&d=mm&r=g\",\"caption\":\"Pr\u00e9sident\"}}]}<\/script>\n<!-- \/ Yoast SEO plugin. -->","yoast_head_json":{"title":"planification maritime | AUMIA","description":"Planification maritime","robots":{"index":"index","follow":"follow","max-snippet":"max-snippet:-1","max-image-preview":"max-image-preview:large","max-video-preview":"max-video-preview:-1"},"canonical":"https:\/\/aumia.fr\/site\/avenir-de-la-mer-en-2050\/","og_locale":"fr_FR","og_type":"article","og_title":"planification maritime | AUMIA","og_description":"Planification maritime","og_url":"https:\/\/aumia.fr\/site\/avenir-de-la-mer-en-2050\/","og_site_name":"AUMIA","article_publisher":"https:\/\/www.facebook.com\/AUMIA-Ile-dArz-101486511686123","article_published_time":"2023-12-01T14:57:06+00:00","article_modified_time":"2023-12-01T16:10:27+00:00","og_image":[{"width":1439,"height":727,"url":"https:\/\/aumia.fr\/site\/wp-content\/uploads\/2022\/07\/Capture-de\u0301cran-2022-07-04-a\u0300-13.37.28.png","type":"image\/png"}],"author":"Pr\u00e9sident","twitter_card":"summary_large_image","twitter_misc":{"\u00c9crit par":"Pr\u00e9sident","Dur\u00e9e de lecture estim\u00e9e":"1 minute"},"schema":{"@context":"https:\/\/schema.org","@graph":[{"@type":"Article","@id":"https:\/\/aumia.fr\/site\/avenir-de-la-mer-en-2050\/#article","isPartOf":{"@id":"https:\/\/aumia.fr\/site\/avenir-de-la-mer-en-2050\/"},"author":{"name":"Pr\u00e9sident","@id":"https:\/\/aumia.fr\/site\/#\/schema\/person\/bb98b12b91174bfd801b25b2954732af"},"headline":"planification maritime","datePublished":"2023-12-01T14:57:06+00:00","dateModified":"2023-12-01T16:10:27+00:00","mainEntityOfPage":{"@id":"https:\/\/aumia.fr\/site\/avenir-de-la-mer-en-2050\/"},"wordCount":348,"commentCount":0,"publisher":{"@id":"https:\/\/aumia.fr\/site\/#organization"},"articleSection":{"0":"2023","2":"Technique"},"inLanguage":"fr-FR","potentialAction":[{"@type":"CommentAction","name":"Comment","target":["https:\/\/aumia.fr\/site\/avenir-de-la-mer-en-2050\/#respond"]}]},{"@type":"WebPage","@id":"https:\/\/aumia.fr\/site\/avenir-de-la-mer-en-2050\/","url":"https:\/\/aumia.fr\/site\/avenir-de-la-mer-en-2050\/","name":"planification maritime | AUMIA","isPartOf":{"@id":"https:\/\/aumia.fr\/site\/#website"},"datePublished":"2023-12-01T14:57:06+00:00","dateModified":"2023-12-01T16:10:27+00:00","description":"Planification maritime","breadcrumb":{"@id":"https:\/\/aumia.fr\/site\/avenir-de-la-mer-en-2050\/#breadcrumb"},"inLanguage":"fr-FR","potentialAction":[{"@type":"ReadAction","target":["https:\/\/aumia.fr\/site\/avenir-de-la-mer-en-2050\/"]}]},{"@type":"BreadcrumbList","@id":"https:\/\/aumia.fr\/site\/avenir-de-la-mer-en-2050\/#breadcrumb","itemListElement":[{"@type":"ListItem","position":1,"name":"Home","item":"https:\/\/aumia.fr\/site\/"},{"@type":"ListItem","position":2,"name":"planification maritime"}]},{"@type":"WebSite","@id":"https:\/\/aumia.fr\/site\/#website","url":"https:\/\/aumia.fr\/site\/","name":"AUMIA","description":"Association des Usagers des Mouillages de l&#039;\u00eele d&#039;Arz","publisher":{"@id":"https:\/\/aumia.fr\/site\/#organization"},"potentialAction":[{"@type":"SearchAction","target":{"@type":"EntryPoint","urlTemplate":"https:\/\/aumia.fr\/site\/?s={search_term_string}"},"query-input":"required name=search_term_string"}],"inLanguage":"fr-FR"},{"@type":"Organization","@id":"https:\/\/aumia.fr\/site\/#organization","name":"AUMIA","url":"https:\/\/aumia.fr\/site\/","logo":{"@type":"ImageObject","inLanguage":"fr-FR","@id":"https:\/\/aumia.fr\/site\/#\/schema\/logo\/image\/","url":"https:\/\/aumia.fr\/site\/wp-content\/uploads\/2016\/07\/logo.png","contentUrl":"https:\/\/aumia.fr\/site\/wp-content\/uploads\/2016\/07\/logo.png","width":93,"height":94,"caption":"AUMIA"},"image":{"@id":"https:\/\/aumia.fr\/site\/#\/schema\/logo\/image\/"},"sameAs":["https:\/\/www.facebook.com\/AUMIA-Ile-dArz-101486511686123"]},{"@type":"Person","@id":"https:\/\/aumia.fr\/site\/#\/schema\/person\/bb98b12b91174bfd801b25b2954732af","name":"Pr\u00e9sident","image":{"@type":"ImageObject","inLanguage":"fr-FR","@id":"https:\/\/aumia.fr\/site\/#\/schema\/person\/image\/","url":"https:\/\/secure.gravatar.com\/avatar\/a7c9725aee0ac92fa1983385c77e5f98?s=96&d=mm&r=g","contentUrl":"https:\/\/secure.gravatar.com\/avatar\/a7c9725aee0ac92fa1983385c77e5f98?s=96&d=mm&r=g","caption":"Pr\u00e9sident"}}]}},"jetpack_featured_media_url":"","_links":{"self":[{"href":"https:\/\/aumia.fr\/site\/wp-json\/wp\/v2\/posts\/1918"}],"collection":[{"href":"https:\/\/aumia.fr\/site\/wp-json\/wp\/v2\/posts"}],"about":[{"href":"https:\/\/aumia.fr\/site\/wp-json\/wp\/v2\/types\/post"}],"author":[{"embeddable":true,"href":"https:\/\/aumia.fr\/site\/wp-json\/wp\/v2\/users\/3"}],"replies":[{"embeddable":true,"href":"https:\/\/aumia.fr\/site\/wp-json\/wp\/v2\/comments?post=1918"}],"version-history":[{"count":10,"href":"https:\/\/aumia.fr\/site\/wp-json\/wp\/v2\/posts\/1918\/revisions"}],"predecessor-version":[{"id":1947,"href":"https:\/\/aumia.fr\/site\/wp-json\/wp\/v2\/posts\/1918\/revisions\/1947"}],"wp:attachment":[{"href":"https:\/\/aumia.fr\/site\/wp-json\/wp\/v2\/media?parent=1918"}],"wp:term":[{"taxonomy":"category","embeddable":true,"href":"https:\/\/aumia.fr\/site\/wp-json\/wp\/v2\/categories?post=1918"},{"taxonomy":"post_tag","embeddable":true,"href":"https:\/\/aumia.fr\/site\/wp-json\/wp\/v2\/tags?post=1918"}],"curies":[{"name":"wp","href":"https:\/\/api.w.org\/{rel}","templated":true}]}}