{"id":2058,"date":"2024-04-25T10:37:25","date_gmt":"2024-04-25T08:37:25","guid":{"rendered":"https:\/\/aumia.fr\/site\/?p=2058"},"modified":"2024-04-25T10:39:59","modified_gmt":"2024-04-25T08:39:59","slug":"un-nouveau-president-pour-les-navigateurs-du-morbihan","status":"publish","type":"post","link":"https:\/\/aumia.fr\/site\/un-nouveau-president-pour-les-navigateurs-du-morbihan\/","title":{"rendered":"Un nouveau pr\u00e9sident pour les navigateurs du Morbihan"},"content":{"rendered":"\n\n[et_pb_section fb_built=\u00a0\u00bb1&Prime; theme_builder_area=\u00a0\u00bbpost_content\u00a0\u00bb _builder_version=\u00a0\u00bb4.24.0&Prime; _module_preset=\u00a0\u00bbdefault\u00a0\u00bb da_is_popup=\u00a0\u00bboff\u00a0\u00bb da_exit_intent=\u00a0\u00bboff\u00a0\u00bb da_has_close=\u00a0\u00bbon\u00a0\u00bb da_alt_close=\u00a0\u00bboff\u00a0\u00bb da_dark_close=\u00a0\u00bboff\u00a0\u00bb da_not_modal=\u00a0\u00bbon\u00a0\u00bb da_is_singular=\u00a0\u00bboff\u00a0\u00bb da_with_loader=\u00a0\u00bboff\u00a0\u00bb da_has_shadow=\u00a0\u00bbon\u00a0\u00bb da_disable_devices=\u00a0\u00bboff|off|off\u00a0\u00bb][et_pb_row _builder_version=\u00a0\u00bb4.24.0&Prime; _module_preset=\u00a0\u00bbdefault\u00a0\u00bb theme_builder_area=\u00a0\u00bbpost_content\u00a0\u00bb hover_enabled=\u00a0\u00bb0&Prime; sticky_enabled=\u00a0\u00bb0&Prime;][et_pb_column _builder_version=\u00a0\u00bb4.24.0&Prime; _module_preset=\u00a0\u00bbdefault\u00a0\u00bb type=\u00a0\u00bb4_4&Prime; theme_builder_area=\u00a0\u00bbpost_content\u00a0\u00bb][et_pb_text _builder_version=\u00a0\u00bb4.24.0&Prime; _module_preset=\u00a0\u00bbdefault\u00a0\u00bb theme_builder_area=\u00a0\u00bbpost_content\u00a0\u00bb hover_enabled=\u00a0\u00bb0&Prime; sticky_enabled=\u00a0\u00bb0&Prime;]<p><span>L&rsquo;Union des associations de navigateurs du Morbihan (Unan 56) compte 28 associations repr\u00e9sentant 2 500 plaisanciers et p\u00eacheurs. Jacques de Certaines succ\u00e8de \u00e0 Alain Zins en tant que pr\u00e9sident, avec Didier Joly, Jean-Luc Bideau et G\u00e9rard Chouquet en tant que vice-pr\u00e9sidents. Sylvain Roussel est \u00e9lu secr\u00e9taire et Patrice Millot, tr\u00e9sorier. Le nouveau pr\u00e9sident vise \u00e0 renforcer l&rsquo;unit\u00e9 des associations membres, promouvoir la s\u00e9curit\u00e9 et la formation, repr\u00e9senter l&rsquo;Unan 56 aupr\u00e8s des autorit\u00e9s et \u00e9tendre les partenariats vers Etel et la rade de Lorient pour r\u00e9pondre aux enjeux \u00e9cologiques et r\u00e9glementaires croissants.<\/span><\/p>\n<p>&nbsp;<\/p>[\/et_pb_text][\/et_pb_column][\/et_pb_row][et_pb_row _builder_version=\u00a0\u00bb4.24.0&Prime; _module_preset=\u00a0\u00bbdefault\u00a0\u00bb theme_builder_area=\u00a0\u00bbpost_content\u00a0\u00bb][et_pb_column _builder_version=\u00a0\u00bb4.24.0&Prime; _module_preset=\u00a0\u00bbdefault\u00a0\u00bb type=\u00a0\u00bb4_4&Prime; theme_builder_area=\u00a0\u00bbpost_content\u00a0\u00bb][et_pb_image src=\u00a0\u00bbhttp:\/\/aumia.fr\/site\/wp-content\/uploads\/2024\/04\/Nouveau-President-a-lUNAN-56-O.F.jpg\u00a0\u00bb _builder_version=\u00a0\u00bb4.24.0&Prime; _module_preset=\u00a0\u00bbdefault\u00a0\u00bb theme_builder_area=\u00a0\u00bbpost_content\u00a0\u00bb title_text=\u00a0\u00bbNouveau Pre\u0301sident a\u0300 l&rsquo;UNAN 56 (O.F.)\u00a0\u00bb hover_enabled=\u00a0\u00bb0&Prime; sticky_enabled=\u00a0\u00bb0&Prime;][\/et_pb_image][\/et_pb_column][\/et_pb_row][\/et_pb_section]\n\n","protected":false},"excerpt":{"rendered":"<p>L&rsquo;Union des associations de navigateurs du Morbihan (Unan 56) compte 28 associations repr\u00e9sentant 2 500 plaisanciers et p\u00eacheurs. Jacques de Certaines succ\u00e8de \u00e0 Alain Zins en tant que pr\u00e9sident, avec [&hellip;]<\/p>\n","protected":false},"author":10,"featured_media":2060,"comment_status":"open","ping_status":"open","sticky":false,"template":"","format":"standard","meta":{"_et_pb_use_builder":"on","_et_pb_old_content":"","_et_gb_content_width":"","footnotes":""},"categories":[45,47],"tags":[],"yoast_head":"<!-- This site is optimized with the Yoast SEO plugin v22.6 - https:\/\/yoast.com\/wordpress\/plugins\/seo\/ -->\n<title>Un nouveau pr\u00e9sident pour les navigateurs du Morbihan | AUMIA<\/title>\n<meta name=\"description\" content=\"Article de presse parlant du nouveau pr\u00e9sident de l&#039;union des associations de navigateurs du Morbihan.\" \/>\n<meta name=\"robots\" content=\"index, follow, max-snippet:-1, max-image-preview:large, max-video-preview:-1\" \/>\n<link rel=\"canonical\" href=\"https:\/\/aumia.fr\/site\/un-nouveau-president-pour-les-navigateurs-du-morbihan\/\" \/>\n<meta property=\"og:locale\" content=\"fr_FR\" \/>\n<meta property=\"og:type\" content=\"article\" \/>\n<meta property=\"og:title\" content=\"Un nouveau pr\u00e9sident pour les navigateurs du Morbihan | AUMIA\" \/>\n<meta property=\"og:description\" content=\"Article de presse parlant du nouveau pr\u00e9sident de l&#039;union des associations de navigateurs du Morbihan.\" \/>\n<meta property=\"og:url\" content=\"https:\/\/aumia.fr\/site\/un-nouveau-president-pour-les-navigateurs-du-morbihan\/\" \/>\n<meta property=\"og:site_name\" content=\"AUMIA\" \/>\n<meta property=\"article:publisher\" content=\"https:\/\/www.facebook.com\/AUMIA-Ile-dArz-101486511686123\" \/>\n<meta property=\"article:published_time\" content=\"2024-04-25T08:37:25+00:00\" \/>\n<meta property=\"article:modified_time\" content=\"2024-04-25T08:39:59+00:00\" \/>\n<meta property=\"og:image\" content=\"http:\/\/aumia.fr\/site\/wp-content\/uploads\/2024\/04\/Cromlech_dEr_Lannic_et_cairn_de_Gavrinis_par_drone_-_vue_2-scaled.jpg\" \/>\n\t<meta property=\"og:image:width\" content=\"2560\" \/>\n\t<meta property=\"og:image:height\" content=\"1707\" \/>\n\t<meta property=\"og:image:type\" content=\"image\/jpeg\" \/>\n<meta name=\"author\" content=\"joelaumia\" \/>\n<meta name=\"twitter:card\" content=\"summary_large_image\" \/>\n<meta name=\"twitter:label1\" content=\"\u00c9crit par\" \/>\n\t<meta name=\"twitter:data1\" content=\"joelaumia\" \/>\n\t<meta name=\"twitter:label2\" content=\"Dur\u00e9e de lecture estim\u00e9e\" \/>\n\t<meta name=\"twitter:data2\" content=\"1 minute\" \/>\n<script type=\"application\/ld+json\" class=\"yoast-schema-graph\">{\"@context\":\"https:\/\/schema.org\",\"@graph\":[{\"@type\":\"Article\",\"@id\":\"https:\/\/aumia.fr\/site\/un-nouveau-president-pour-les-navigateurs-du-morbihan\/#article\",\"isPartOf\":{\"@id\":\"https:\/\/aumia.fr\/site\/un-nouveau-president-pour-les-navigateurs-du-morbihan\/\"},\"author\":{\"name\":\"joelaumia\",\"@id\":\"https:\/\/aumia.fr\/site\/#\/schema\/person\/ffc5855d1c9330b9d05dc0bbb33e4e75\"},\"headline\":\"Un nouveau pr\u00e9sident pour les navigateurs du Morbihan\",\"datePublished\":\"2024-04-25T08:37:25+00:00\",\"dateModified\":\"2024-04-25T08:39:59+00:00\",\"mainEntityOfPage\":{\"@id\":\"https:\/\/aumia.fr\/site\/un-nouveau-president-pour-les-navigateurs-du-morbihan\/\"},\"wordCount\":303,\"commentCount\":0,\"publisher\":{\"@id\":\"https:\/\/aumia.fr\/site\/#organization\"},\"image\":{\"@id\":\"https:\/\/aumia.fr\/site\/un-nouveau-president-pour-les-navigateurs-du-morbihan\/#primaryimage\"},\"thumbnailUrl\":\"https:\/\/aumia.fr\/site\/wp-content\/uploads\/2024\/04\/Cromlech_dEr_Lannic_et_cairn_de_Gavrinis_par_drone_-_vue_2-scaled.jpg\",\"articleSection\":[\"2024\",\"article de presse\"],\"inLanguage\":\"fr-FR\",\"potentialAction\":[{\"@type\":\"CommentAction\",\"name\":\"Comment\",\"target\":[\"https:\/\/aumia.fr\/site\/un-nouveau-president-pour-les-navigateurs-du-morbihan\/#respond\"]}]},{\"@type\":\"WebPage\",\"@id\":\"https:\/\/aumia.fr\/site\/un-nouveau-president-pour-les-navigateurs-du-morbihan\/\",\"url\":\"https:\/\/aumia.fr\/site\/un-nouveau-president-pour-les-navigateurs-du-morbihan\/\",\"name\":\"Un nouveau pr\u00e9sident pour les navigateurs du Morbihan | AUMIA\",\"isPartOf\":{\"@id\":\"https:\/\/aumia.fr\/site\/#website\"},\"primaryImageOfPage\":{\"@id\":\"https:\/\/aumia.fr\/site\/un-nouveau-president-pour-les-navigateurs-du-morbihan\/#primaryimage\"},\"image\":{\"@id\":\"https:\/\/aumia.fr\/site\/un-nouveau-president-pour-les-navigateurs-du-morbihan\/#primaryimage\"},\"thumbnailUrl\":\"https:\/\/aumia.fr\/site\/wp-content\/uploads\/2024\/04\/Cromlech_dEr_Lannic_et_cairn_de_Gavrinis_par_drone_-_vue_2-scaled.jpg\",\"datePublished\":\"2024-04-25T08:37:25+00:00\",\"dateModified\":\"2024-04-25T08:39:59+00:00\",\"description\":\"Article de presse parlant du nouveau pr\u00e9sident de l'union des associations de navigateurs du Morbihan.\",\"breadcrumb\":{\"@id\":\"https:\/\/aumia.fr\/site\/un-nouveau-president-pour-les-navigateurs-du-morbihan\/#breadcrumb\"},\"inLanguage\":\"fr-FR\",\"potentialAction\":[{\"@type\":\"ReadAction\",\"target\":[\"https:\/\/aumia.fr\/site\/un-nouveau-president-pour-les-navigateurs-du-morbihan\/\"]}]},{\"@type\":\"ImageObject\",\"inLanguage\":\"fr-FR\",\"@id\":\"https:\/\/aumia.fr\/site\/un-nouveau-president-pour-les-navigateurs-du-morbihan\/#primaryimage\",\"url\":\"https:\/\/aumia.fr\/site\/wp-content\/uploads\/2024\/04\/Cromlech_dEr_Lannic_et_cairn_de_Gavrinis_par_drone_-_vue_2-scaled.jpg\",\"contentUrl\":\"https:\/\/aumia.fr\/site\/wp-content\/uploads\/2024\/04\/Cromlech_dEr_Lannic_et_cairn_de_Gavrinis_par_drone_-_vue_2-scaled.jpg\",\"width\":2560,\"height\":1707},{\"@type\":\"BreadcrumbList\",\"@id\":\"https:\/\/aumia.fr\/site\/un-nouveau-president-pour-les-navigateurs-du-morbihan\/#breadcrumb\",\"itemListElement\":[{\"@type\":\"ListItem\",\"position\":1,\"name\":\"Home\",\"item\":\"https:\/\/aumia.fr\/site\/\"},{\"@type\":\"ListItem\",\"position\":2,\"name\":\"Un nouveau pr\u00e9sident pour les navigateurs du Morbihan\"}]},{\"@type\":\"WebSite\",\"@id\":\"https:\/\/aumia.fr\/site\/#website\",\"url\":\"https:\/\/aumia.fr\/site\/\",\"name\":\"AUMIA\",\"description\":\"Association des Usagers des Mouillages de l&#039;\u00eele d&#039;Arz\",\"publisher\":{\"@id\":\"https:\/\/aumia.fr\/site\/#organization\"},\"potentialAction\":[{\"@type\":\"SearchAction\",\"target\":{\"@type\":\"EntryPoint\",\"urlTemplate\":\"https:\/\/aumia.fr\/site\/?s={search_term_string}\"},\"query-input\":\"required name=search_term_string\"}],\"inLanguage\":\"fr-FR\"},{\"@type\":\"Organization\",\"@id\":\"https:\/\/aumia.fr\/site\/#organization\",\"name\":\"AUMIA\",\"url\":\"https:\/\/aumia.fr\/site\/\",\"logo\":{\"@type\":\"ImageObject\",\"inLanguage\":\"fr-FR\",\"@id\":\"https:\/\/aumia.fr\/site\/#\/schema\/logo\/image\/\",\"url\":\"https:\/\/aumia.fr\/site\/wp-content\/uploads\/2016\/07\/logo.png\",\"contentUrl\":\"https:\/\/aumia.fr\/site\/wp-content\/uploads\/2016\/07\/logo.png\",\"width\":93,\"height\":94,\"caption\":\"AUMIA\"},\"image\":{\"@id\":\"https:\/\/aumia.fr\/site\/#\/schema\/logo\/image\/\"},\"sameAs\":[\"https:\/\/www.facebook.com\/AUMIA-Ile-dArz-101486511686123\"]},{\"@type\":\"Person\",\"@id\":\"https:\/\/aumia.fr\/site\/#\/schema\/person\/ffc5855d1c9330b9d05dc0bbb33e4e75\",\"name\":\"joelaumia\",\"image\":{\"@type\":\"ImageObject\",\"inLanguage\":\"fr-FR\",\"@id\":\"https:\/\/aumia.fr\/site\/#\/schema\/person\/image\/\",\"url\":\"https:\/\/secure.gravatar.com\/avatar\/20e4b5a560cc9c5a4b6f68dd037ed895?s=96&d=mm&r=g\",\"contentUrl\":\"https:\/\/secure.gravatar.com\/avatar\/20e4b5a560cc9c5a4b6f68dd037ed895?s=96&d=mm&r=g\",\"caption\":\"joelaumia\"}}]}<\/script>\n<!-- \/ Yoast SEO plugin. -->","yoast_head_json":{"title":"Un nouveau pr\u00e9sident pour les navigateurs du Morbihan | AUMIA","description":"Article de presse parlant du nouveau pr\u00e9sident de l'union des associations de navigateurs du Morbihan.","robots":{"index":"index","follow":"follow","max-snippet":"max-snippet:-1","max-image-preview":"max-image-preview:large","max-video-preview":"max-video-preview:-1"},"canonical":"https:\/\/aumia.fr\/site\/un-nouveau-president-pour-les-navigateurs-du-morbihan\/","og_locale":"fr_FR","og_type":"article","og_title":"Un nouveau pr\u00e9sident pour les navigateurs du Morbihan | AUMIA","og_description":"Article de presse parlant du nouveau pr\u00e9sident de l'union des associations de navigateurs du Morbihan.","og_url":"https:\/\/aumia.fr\/site\/un-nouveau-president-pour-les-navigateurs-du-morbihan\/","og_site_name":"AUMIA","article_publisher":"https:\/\/www.facebook.com\/AUMIA-Ile-dArz-101486511686123","article_published_time":"2024-04-25T08:37:25+00:00","article_modified_time":"2024-04-25T08:39:59+00:00","og_image":[{"width":2560,"height":1707,"url":"http:\/\/aumia.fr\/site\/wp-content\/uploads\/2024\/04\/Cromlech_dEr_Lannic_et_cairn_de_Gavrinis_par_drone_-_vue_2-scaled.jpg","type":"image\/jpeg"}],"author":"joelaumia","twitter_card":"summary_large_image","twitter_misc":{"\u00c9crit par":"joelaumia","Dur\u00e9e de lecture estim\u00e9e":"1 minute"},"schema":{"@context":"https:\/\/schema.org","@graph":[{"@type":"Article","@id":"https:\/\/aumia.fr\/site\/un-nouveau-president-pour-les-navigateurs-du-morbihan\/#article","isPartOf":{"@id":"https:\/\/aumia.fr\/site\/un-nouveau-president-pour-les-navigateurs-du-morbihan\/"},"author":{"name":"joelaumia","@id":"https:\/\/aumia.fr\/site\/#\/schema\/person\/ffc5855d1c9330b9d05dc0bbb33e4e75"},"headline":"Un nouveau pr\u00e9sident pour les navigateurs du Morbihan","datePublished":"2024-04-25T08:37:25+00:00","dateModified":"2024-04-25T08:39:59+00:00","mainEntityOfPage":{"@id":"https:\/\/aumia.fr\/site\/un-nouveau-president-pour-les-navigateurs-du-morbihan\/"},"wordCount":303,"commentCount":0,"publisher":{"@id":"https:\/\/aumia.fr\/site\/#organization"},"image":{"@id":"https:\/\/aumia.fr\/site\/un-nouveau-president-pour-les-navigateurs-du-morbihan\/#primaryimage"},"thumbnailUrl":"https:\/\/aumia.fr\/site\/wp-content\/uploads\/2024\/04\/Cromlech_dEr_Lannic_et_cairn_de_Gavrinis_par_drone_-_vue_2-scaled.jpg","articleSection":["2024","article de presse"],"inLanguage":"fr-FR","potentialAction":[{"@type":"CommentAction","name":"Comment","target":["https:\/\/aumia.fr\/site\/un-nouveau-president-pour-les-navigateurs-du-morbihan\/#respond"]}]},{"@type":"WebPage","@id":"https:\/\/aumia.fr\/site\/un-nouveau-president-pour-les-navigateurs-du-morbihan\/","url":"https:\/\/aumia.fr\/site\/un-nouveau-president-pour-les-navigateurs-du-morbihan\/","name":"Un nouveau pr\u00e9sident pour les navigateurs du Morbihan | AUMIA","isPartOf":{"@id":"https:\/\/aumia.fr\/site\/#website"},"primaryImageOfPage":{"@id":"https:\/\/aumia.fr\/site\/un-nouveau-president-pour-les-navigateurs-du-morbihan\/#primaryimage"},"image":{"@id":"https:\/\/aumia.fr\/site\/un-nouveau-president-pour-les-navigateurs-du-morbihan\/#primaryimage"},"thumbnailUrl":"https:\/\/aumia.fr\/site\/wp-content\/uploads\/2024\/04\/Cromlech_dEr_Lannic_et_cairn_de_Gavrinis_par_drone_-_vue_2-scaled.jpg","datePublished":"2024-04-25T08:37:25+00:00","dateModified":"2024-04-25T08:39:59+00:00","description":"Article de presse parlant du nouveau pr\u00e9sident de l'union des associations de navigateurs du Morbihan.","breadcrumb":{"@id":"https:\/\/aumia.fr\/site\/un-nouveau-president-pour-les-navigateurs-du-morbihan\/#breadcrumb"},"inLanguage":"fr-FR","potentialAction":[{"@type":"ReadAction","target":["https:\/\/aumia.fr\/site\/un-nouveau-president-pour-les-navigateurs-du-morbihan\/"]}]},{"@type":"ImageObject","inLanguage":"fr-FR","@id":"https:\/\/aumia.fr\/site\/un-nouveau-president-pour-les-navigateurs-du-morbihan\/#primaryimage","url":"https:\/\/aumia.fr\/site\/wp-content\/uploads\/2024\/04\/Cromlech_dEr_Lannic_et_cairn_de_Gavrinis_par_drone_-_vue_2-scaled.jpg","contentUrl":"https:\/\/aumia.fr\/site\/wp-content\/uploads\/2024\/04\/Cromlech_dEr_Lannic_et_cairn_de_Gavrinis_par_drone_-_vue_2-scaled.jpg","width":2560,"height":1707},{"@type":"BreadcrumbList","@id":"https:\/\/aumia.fr\/site\/un-nouveau-president-pour-les-navigateurs-du-morbihan\/#breadcrumb","itemListElement":[{"@type":"ListItem","position":1,"name":"Home","item":"https:\/\/aumia.fr\/site\/"},{"@type":"ListItem","position":2,"name":"Un nouveau pr\u00e9sident pour les navigateurs du Morbihan"}]},{"@type":"WebSite","@id":"https:\/\/aumia.fr\/site\/#website","url":"https:\/\/aumia.fr\/site\/","name":"AUMIA","description":"Association des Usagers des Mouillages de l&#039;\u00eele d&#039;Arz","publisher":{"@id":"https:\/\/aumia.fr\/site\/#organization"},"potentialAction":[{"@type":"SearchAction","target":{"@type":"EntryPoint","urlTemplate":"https:\/\/aumia.fr\/site\/?s={search_term_string}"},"query-input":"required name=search_term_string"}],"inLanguage":"fr-FR"},{"@type":"Organization","@id":"https:\/\/aumia.fr\/site\/#organization","name":"AUMIA","url":"https:\/\/aumia.fr\/site\/","logo":{"@type":"ImageObject","inLanguage":"fr-FR","@id":"https:\/\/aumia.fr\/site\/#\/schema\/logo\/image\/","url":"https:\/\/aumia.fr\/site\/wp-content\/uploads\/2016\/07\/logo.png","contentUrl":"https:\/\/aumia.fr\/site\/wp-content\/uploads\/2016\/07\/logo.png","width":93,"height":94,"caption":"AUMIA"},"image":{"@id":"https:\/\/aumia.fr\/site\/#\/schema\/logo\/image\/"},"sameAs":["https:\/\/www.facebook.com\/AUMIA-Ile-dArz-101486511686123"]},{"@type":"Person","@id":"https:\/\/aumia.fr\/site\/#\/schema\/person\/ffc5855d1c9330b9d05dc0bbb33e4e75","name":"joelaumia","image":{"@type":"ImageObject","inLanguage":"fr-FR","@id":"https:\/\/aumia.fr\/site\/#\/schema\/person\/image\/","url":"https:\/\/secure.gravatar.com\/avatar\/20e4b5a560cc9c5a4b6f68dd037ed895?s=96&d=mm&r=g","contentUrl":"https:\/\/secure.gravatar.com\/avatar\/20e4b5a560cc9c5a4b6f68dd037ed895?s=96&d=mm&r=g","caption":"joelaumia"}}]}},"jetpack_featured_media_url":"https:\/\/aumia.fr\/site\/wp-content\/uploads\/2024\/04\/Cromlech_dEr_Lannic_et_cairn_de_Gavrinis_par_drone_-_vue_2-scaled.jpg","_links":{"self":[{"href":"https:\/\/aumia.fr\/site\/wp-json\/wp\/v2\/posts\/2058"}],"collection":[{"href":"https:\/\/aumia.fr\/site\/wp-json\/wp\/v2\/posts"}],"about":[{"href":"https:\/\/aumia.fr\/site\/wp-json\/wp\/v2\/types\/post"}],"author":[{"embeddable":true,"href":"https:\/\/aumia.fr\/site\/wp-json\/wp\/v2\/users\/10"}],"replies":[{"embeddable":true,"href":"https:\/\/aumia.fr\/site\/wp-json\/wp\/v2\/comments?post=2058"}],"version-history":[{"count":5,"href":"https:\/\/aumia.fr\/site\/wp-json\/wp\/v2\/posts\/2058\/revisions"}],"predecessor-version":[{"id":2066,"href":"https:\/\/aumia.fr\/site\/wp-json\/wp\/v2\/posts\/2058\/revisions\/2066"}],"wp:featuredmedia":[{"embeddable":true,"href":"https:\/\/aumia.fr\/site\/wp-json\/wp\/v2\/media\/2060"}],"wp:attachment":[{"href":"https:\/\/aumia.fr\/site\/wp-json\/wp\/v2\/media?parent=2058"}],"wp:term":[{"taxonomy":"category","embeddable":true,"href":"https:\/\/aumia.fr\/site\/wp-json\/wp\/v2\/categories?post=2058"},{"taxonomy":"post_tag","embeddable":true,"href":"https:\/\/aumia.fr\/site\/wp-json\/wp\/v2\/tags?post=2058"}],"curies":[{"name":"wp","href":"https:\/\/api.w.org\/{rel}","templated":true}]}}