{"id":237,"date":"2020-07-01T09:56:07","date_gmt":"2020-07-01T07:56:07","guid":{"rendered":"http:\/\/aumia.fr\/?p=237"},"modified":"2022-12-12T09:47:13","modified_gmt":"2022-12-12T08:47:13","slug":"les-conferences","status":"publish","type":"post","link":"https:\/\/aumia.fr\/site\/les-conferences\/","title":{"rendered":"Les conf\u00e9rences 2020"},"content":{"rendered":"<p><b><i>CONFERENCES DE L\u2019AUMIA AU CIPM \u00ab&nbsp;MARINS ET CAPITAINES&nbsp;\u00bb<\/i><\/b><\/p>\n<ul>\n<li><b>Vendredi 24 juillet \u00e0 14h30&nbsp;:<span class=\"Apple-converted-space\">&nbsp; <\/span><\/b><b>Cartographie et navigation dans le golfe<\/b><\/li>\n<\/ul>\n<p><b>Jo\u00ebl de Cockborne et Pierre Bost (expert maritime et formateur) avec la participation de la SNSM du golfe.<\/b><\/p>\n<p><i>La cartographie marine du golfe peut-elle r\u00e9server des surprises&nbsp;?<span class=\"Apple-converted-space\">&nbsp; <\/span>Quels changements dans les cartes&nbsp;? Quels sont les risques de la navigation sur notre \u00ab&nbsp;petite mer&nbsp;\u00bb&nbsp;? Que peuvent nous apporter les acquis de l\u2019exp\u00e9rience de la SNSM dans le golfe&nbsp;?<\/i><\/p>\n<ul>\n<li><b>Samedi 22 ao\u00fbt \u00e0 14h30&nbsp;: <\/b><b>Les projets fous d\u2019am\u00e9nagement du golfe<\/b><\/li>\n<\/ul>\n<p><b><span class=\"Apple-converted-space\">&nbsp;&nbsp; &nbsp; &nbsp; &nbsp; &nbsp; &nbsp; &nbsp; &nbsp; &nbsp; &nbsp; &nbsp; &nbsp; <\/span>Henri Girard (auteur d\u2019une \u00e9tude sur les projets Dillon)<\/b><\/p>\n<p><i>Depuis le milieu du XIX\u00b0 si\u00e8cle et pendant pr\u00e8s d\u2019un si\u00e8cle, de nombreux projets ont concern\u00e9 des am\u00e9nagements portuaires du golfe&nbsp;ou des barrages hydro\u00e9lectriques. Celui qui a tenu le plus longtemps est incontestablement le projet de grand port commercial \u00e0 la pointe du Blaire port\u00e9 par Arthur Dillon puis par son fils. Le plus fou est incontestablement le port de C\u00e9sar qui pr\u00e9voyait une voie ferr\u00e9e de S\u00e9n\u00e9 \u00e0 l\u2019\u00eele aux Moines en passant par l\u2019\u00eele d\u2019Arz. Heureusement, aucun de ces projets n\u2019a \u00e9t\u00e9 r\u00e9alis\u00e9.<\/i><\/p>\n<ul>\n<li><b>Samedi 29 ao\u00fbt \u00e0 14h30&nbsp;: <\/b><b>Le golfe&nbsp;: dix mille ans d\u2019Histoire maritime.<\/b><b> <span class=\"Apple-converted-space\">&nbsp; &nbsp; &nbsp; &nbsp; &nbsp; &nbsp; &nbsp; &nbsp; <\/span><\/b><b>Jacques de Certaines<\/b><\/li>\n<\/ul>\n<p><i>Notre \u00ab&nbsp;petite mer&nbsp;\u00bb n\u2019a qu\u2019environ 10000 ans d\u2019Histoire depuis la fin de la derni\u00e8re grande glaciation. Si la p\u00e9riode n\u00e9olithique a \u00e9t\u00e9 tr\u00e8s riche, on ne sait que peu de choses sur la navigation \u00e0 ces \u00e9poques. Les premiers textes \u00e9crits concernent les navires v\u00e9n\u00e8tes engag\u00e9s dans la tristement c\u00e9l\u00e8bre bataille navale. Apr\u00e8s la chute de l\u2019Empire romain, le d\u00e9veloppement de la piraterie a suscit\u00e9 pendant le Moyen-\u00c2ge un d\u00e9sint\u00e9r\u00eat des Bretons pour la mer. Le cabotage depuis l\u2019\u00e9poque Moderne a ensuite redonn\u00e9 une intense activit\u00e9 maritime au golfe et notamment \u00e0 l\u2019\u00eele d\u2019Arz. Dans le m\u00eame temps la saliculture puis l\u2019ostr\u00e9iculture ont modifi\u00e9 notre paysage maritime.<\/i><\/p>\n<p><b><i>Ces conf\u00e9rences de l\u2019AUMIA au CIPM sont gratuites et ouvertes \u00e0 tous.<\/i><\/b><\/p>\n","protected":false},"excerpt":{"rendered":"<p>CONFERENCES DE L\u2019AUMIA AU CIPM \u00ab&nbsp;MARINS ET CAPITAINES&nbsp;\u00bb Vendredi 24 juillet \u00e0 14h30&nbsp;:&nbsp; Cartographie et navigation dans le golfe Jo\u00ebl de Cockborne et Pierre Bost (expert maritime et formateur) avec [&hellip;]<\/p>\n","protected":false},"author":1,"featured_media":857,"comment_status":"open","ping_status":"open","sticky":false,"template":"","format":"standard","meta":{"_et_pb_use_builder":"","_et_pb_old_content":"","_et_gb_content_width":"","footnotes":""},"categories":[18],"tags":[],"yoast_head":"<!-- This site is optimized with the Yoast SEO plugin v22.6 - https:\/\/yoast.com\/wordpress\/plugins\/seo\/ -->\n<title>Les conf\u00e9rences 2020 | AUMIA<\/title>\n<meta name=\"robots\" content=\"index, follow, max-snippet:-1, max-image-preview:large, max-video-preview:-1\" \/>\n<link rel=\"canonical\" href=\"https:\/\/aumia.fr\/site\/les-conferences\/\" \/>\n<meta property=\"og:locale\" content=\"fr_FR\" \/>\n<meta property=\"og:type\" content=\"article\" \/>\n<meta property=\"og:title\" content=\"Les conf\u00e9rences 2020 | AUMIA\" \/>\n<meta property=\"og:description\" content=\"CONFERENCES DE L\u2019AUMIA AU CIPM \u00ab&nbsp;MARINS ET CAPITAINES&nbsp;\u00bb Vendredi 24 juillet \u00e0 14h30&nbsp;:&nbsp; Cartographie et navigation dans le golfe Jo\u00ebl de Cockborne et Pierre Bost (expert maritime et formateur) avec [&hellip;]\" \/>\n<meta property=\"og:url\" content=\"https:\/\/aumia.fr\/site\/les-conferences\/\" \/>\n<meta property=\"og:site_name\" content=\"AUMIA\" \/>\n<meta property=\"article:publisher\" content=\"https:\/\/www.facebook.com\/AUMIA-Ile-dArz-101486511686123\" \/>\n<meta property=\"article:published_time\" content=\"2020-07-01T07:56:07+00:00\" \/>\n<meta property=\"article:modified_time\" content=\"2022-12-12T08:47:13+00:00\" \/>\n<meta property=\"og:image\" content=\"http:\/\/aumia.fr\/site\/wp-content\/uploads\/2020\/07\/conf-2020.jpg\" \/>\n\t<meta property=\"og:image:width\" content=\"800\" \/>\n\t<meta property=\"og:image:height\" content=\"513\" \/>\n\t<meta property=\"og:image:type\" content=\"image\/jpeg\" \/>\n<meta name=\"author\" content=\"AUMIA\" \/>\n<meta name=\"twitter:card\" content=\"summary_large_image\" \/>\n<meta name=\"twitter:label1\" content=\"\u00c9crit par\" \/>\n\t<meta name=\"twitter:data1\" content=\"AUMIA\" \/>\n\t<meta name=\"twitter:label2\" content=\"Dur\u00e9e de lecture estim\u00e9e\" \/>\n\t<meta name=\"twitter:data2\" content=\"2 minutes\" \/>\n<script type=\"application\/ld+json\" class=\"yoast-schema-graph\">{\"@context\":\"https:\/\/schema.org\",\"@graph\":[{\"@type\":\"Article\",\"@id\":\"https:\/\/aumia.fr\/site\/les-conferences\/#article\",\"isPartOf\":{\"@id\":\"https:\/\/aumia.fr\/site\/les-conferences\/\"},\"author\":{\"name\":\"AUMIA\",\"@id\":\"https:\/\/aumia.fr\/site\/#\/schema\/person\/4092de94cec41ecf4716893f195dba55\"},\"headline\":\"Les conf\u00e9rences 2020\",\"datePublished\":\"2020-07-01T07:56:07+00:00\",\"dateModified\":\"2022-12-12T08:47:13+00:00\",\"mainEntityOfPage\":{\"@id\":\"https:\/\/aumia.fr\/site\/les-conferences\/\"},\"wordCount\":398,\"commentCount\":0,\"publisher\":{\"@id\":\"https:\/\/aumia.fr\/site\/#organization\"},\"image\":{\"@id\":\"https:\/\/aumia.fr\/site\/les-conferences\/#primaryimage\"},\"thumbnailUrl\":\"https:\/\/aumia.fr\/site\/wp-content\/uploads\/2020\/07\/conf-2020.jpg\",\"articleSection\":[\"Conf\u00e9rences et r\u00e9unions\"],\"inLanguage\":\"fr-FR\",\"potentialAction\":[{\"@type\":\"CommentAction\",\"name\":\"Comment\",\"target\":[\"https:\/\/aumia.fr\/site\/les-conferences\/#respond\"]}]},{\"@type\":\"WebPage\",\"@id\":\"https:\/\/aumia.fr\/site\/les-conferences\/\",\"url\":\"https:\/\/aumia.fr\/site\/les-conferences\/\",\"name\":\"Les conf\u00e9rences 2020 | AUMIA\",\"isPartOf\":{\"@id\":\"https:\/\/aumia.fr\/site\/#website\"},\"primaryImageOfPage\":{\"@id\":\"https:\/\/aumia.fr\/site\/les-conferences\/#primaryimage\"},\"image\":{\"@id\":\"https:\/\/aumia.fr\/site\/les-conferences\/#primaryimage\"},\"thumbnailUrl\":\"https:\/\/aumia.fr\/site\/wp-content\/uploads\/2020\/07\/conf-2020.jpg\",\"datePublished\":\"2020-07-01T07:56:07+00:00\",\"dateModified\":\"2022-12-12T08:47:13+00:00\",\"breadcrumb\":{\"@id\":\"https:\/\/aumia.fr\/site\/les-conferences\/#breadcrumb\"},\"inLanguage\":\"fr-FR\",\"potentialAction\":[{\"@type\":\"ReadAction\",\"target\":[\"https:\/\/aumia.fr\/site\/les-conferences\/\"]}]},{\"@type\":\"ImageObject\",\"inLanguage\":\"fr-FR\",\"@id\":\"https:\/\/aumia.fr\/site\/les-conferences\/#primaryimage\",\"url\":\"https:\/\/aumia.fr\/site\/wp-content\/uploads\/2020\/07\/conf-2020.jpg\",\"contentUrl\":\"https:\/\/aumia.fr\/site\/wp-content\/uploads\/2020\/07\/conf-2020.jpg\",\"width\":800,\"height\":513},{\"@type\":\"BreadcrumbList\",\"@id\":\"https:\/\/aumia.fr\/site\/les-conferences\/#breadcrumb\",\"itemListElement\":[{\"@type\":\"ListItem\",\"position\":1,\"name\":\"Home\",\"item\":\"https:\/\/aumia.fr\/site\/\"},{\"@type\":\"ListItem\",\"position\":2,\"name\":\"Les conf\u00e9rences 2020\"}]},{\"@type\":\"WebSite\",\"@id\":\"https:\/\/aumia.fr\/site\/#website\",\"url\":\"https:\/\/aumia.fr\/site\/\",\"name\":\"AUMIA\",\"description\":\"Association des Usagers des Mouillages de l&#039;\u00eele d&#039;Arz\",\"publisher\":{\"@id\":\"https:\/\/aumia.fr\/site\/#organization\"},\"potentialAction\":[{\"@type\":\"SearchAction\",\"target\":{\"@type\":\"EntryPoint\",\"urlTemplate\":\"https:\/\/aumia.fr\/site\/?s={search_term_string}\"},\"query-input\":\"required name=search_term_string\"}],\"inLanguage\":\"fr-FR\"},{\"@type\":\"Organization\",\"@id\":\"https:\/\/aumia.fr\/site\/#organization\",\"name\":\"AUMIA\",\"url\":\"https:\/\/aumia.fr\/site\/\",\"logo\":{\"@type\":\"ImageObject\",\"inLanguage\":\"fr-FR\",\"@id\":\"https:\/\/aumia.fr\/site\/#\/schema\/logo\/image\/\",\"url\":\"https:\/\/aumia.fr\/site\/wp-content\/uploads\/2016\/07\/logo.png\",\"contentUrl\":\"https:\/\/aumia.fr\/site\/wp-content\/uploads\/2016\/07\/logo.png\",\"width\":93,\"height\":94,\"caption\":\"AUMIA\"},\"image\":{\"@id\":\"https:\/\/aumia.fr\/site\/#\/schema\/logo\/image\/\"},\"sameAs\":[\"https:\/\/www.facebook.com\/AUMIA-Ile-dArz-101486511686123\"]},{\"@type\":\"Person\",\"@id\":\"https:\/\/aumia.fr\/site\/#\/schema\/person\/4092de94cec41ecf4716893f195dba55\",\"name\":\"AUMIA\",\"image\":{\"@type\":\"ImageObject\",\"inLanguage\":\"fr-FR\",\"@id\":\"https:\/\/aumia.fr\/site\/#\/schema\/person\/image\/\",\"url\":\"https:\/\/secure.gravatar.com\/avatar\/db192340f2dbd1711dea9519091c0bfd?s=96&d=mm&r=g\",\"contentUrl\":\"https:\/\/secure.gravatar.com\/avatar\/db192340f2dbd1711dea9519091c0bfd?s=96&d=mm&r=g\",\"caption\":\"AUMIA\"}}]}<\/script>\n<!-- \/ Yoast SEO plugin. -->","yoast_head_json":{"title":"Les conf\u00e9rences 2020 | AUMIA","robots":{"index":"index","follow":"follow","max-snippet":"max-snippet:-1","max-image-preview":"max-image-preview:large","max-video-preview":"max-video-preview:-1"},"canonical":"https:\/\/aumia.fr\/site\/les-conferences\/","og_locale":"fr_FR","og_type":"article","og_title":"Les conf\u00e9rences 2020 | AUMIA","og_description":"CONFERENCES DE L\u2019AUMIA AU CIPM \u00ab&nbsp;MARINS ET CAPITAINES&nbsp;\u00bb Vendredi 24 juillet \u00e0 14h30&nbsp;:&nbsp; Cartographie et navigation dans le golfe Jo\u00ebl de Cockborne et Pierre Bost (expert maritime et formateur) avec [&hellip;]","og_url":"https:\/\/aumia.fr\/site\/les-conferences\/","og_site_name":"AUMIA","article_publisher":"https:\/\/www.facebook.com\/AUMIA-Ile-dArz-101486511686123","article_published_time":"2020-07-01T07:56:07+00:00","article_modified_time":"2022-12-12T08:47:13+00:00","og_image":[{"width":800,"height":513,"url":"http:\/\/aumia.fr\/site\/wp-content\/uploads\/2020\/07\/conf-2020.jpg","type":"image\/jpeg"}],"author":"AUMIA","twitter_card":"summary_large_image","twitter_misc":{"\u00c9crit par":"AUMIA","Dur\u00e9e de lecture estim\u00e9e":"2 minutes"},"schema":{"@context":"https:\/\/schema.org","@graph":[{"@type":"Article","@id":"https:\/\/aumia.fr\/site\/les-conferences\/#article","isPartOf":{"@id":"https:\/\/aumia.fr\/site\/les-conferences\/"},"author":{"name":"AUMIA","@id":"https:\/\/aumia.fr\/site\/#\/schema\/person\/4092de94cec41ecf4716893f195dba55"},"headline":"Les conf\u00e9rences 2020","datePublished":"2020-07-01T07:56:07+00:00","dateModified":"2022-12-12T08:47:13+00:00","mainEntityOfPage":{"@id":"https:\/\/aumia.fr\/site\/les-conferences\/"},"wordCount":398,"commentCount":0,"publisher":{"@id":"https:\/\/aumia.fr\/site\/#organization"},"image":{"@id":"https:\/\/aumia.fr\/site\/les-conferences\/#primaryimage"},"thumbnailUrl":"https:\/\/aumia.fr\/site\/wp-content\/uploads\/2020\/07\/conf-2020.jpg","articleSection":["Conf\u00e9rences et r\u00e9unions"],"inLanguage":"fr-FR","potentialAction":[{"@type":"CommentAction","name":"Comment","target":["https:\/\/aumia.fr\/site\/les-conferences\/#respond"]}]},{"@type":"WebPage","@id":"https:\/\/aumia.fr\/site\/les-conferences\/","url":"https:\/\/aumia.fr\/site\/les-conferences\/","name":"Les conf\u00e9rences 2020 | AUMIA","isPartOf":{"@id":"https:\/\/aumia.fr\/site\/#website"},"primaryImageOfPage":{"@id":"https:\/\/aumia.fr\/site\/les-conferences\/#primaryimage"},"image":{"@id":"https:\/\/aumia.fr\/site\/les-conferences\/#primaryimage"},"thumbnailUrl":"https:\/\/aumia.fr\/site\/wp-content\/uploads\/2020\/07\/conf-2020.jpg","datePublished":"2020-07-01T07:56:07+00:00","dateModified":"2022-12-12T08:47:13+00:00","breadcrumb":{"@id":"https:\/\/aumia.fr\/site\/les-conferences\/#breadcrumb"},"inLanguage":"fr-FR","potentialAction":[{"@type":"ReadAction","target":["https:\/\/aumia.fr\/site\/les-conferences\/"]}]},{"@type":"ImageObject","inLanguage":"fr-FR","@id":"https:\/\/aumia.fr\/site\/les-conferences\/#primaryimage","url":"https:\/\/aumia.fr\/site\/wp-content\/uploads\/2020\/07\/conf-2020.jpg","contentUrl":"https:\/\/aumia.fr\/site\/wp-content\/uploads\/2020\/07\/conf-2020.jpg","width":800,"height":513},{"@type":"BreadcrumbList","@id":"https:\/\/aumia.fr\/site\/les-conferences\/#breadcrumb","itemListElement":[{"@type":"ListItem","position":1,"name":"Home","item":"https:\/\/aumia.fr\/site\/"},{"@type":"ListItem","position":2,"name":"Les conf\u00e9rences 2020"}]},{"@type":"WebSite","@id":"https:\/\/aumia.fr\/site\/#website","url":"https:\/\/aumia.fr\/site\/","name":"AUMIA","description":"Association des Usagers des Mouillages de l&#039;\u00eele d&#039;Arz","publisher":{"@id":"https:\/\/aumia.fr\/site\/#organization"},"potentialAction":[{"@type":"SearchAction","target":{"@type":"EntryPoint","urlTemplate":"https:\/\/aumia.fr\/site\/?s={search_term_string}"},"query-input":"required name=search_term_string"}],"inLanguage":"fr-FR"},{"@type":"Organization","@id":"https:\/\/aumia.fr\/site\/#organization","name":"AUMIA","url":"https:\/\/aumia.fr\/site\/","logo":{"@type":"ImageObject","inLanguage":"fr-FR","@id":"https:\/\/aumia.fr\/site\/#\/schema\/logo\/image\/","url":"https:\/\/aumia.fr\/site\/wp-content\/uploads\/2016\/07\/logo.png","contentUrl":"https:\/\/aumia.fr\/site\/wp-content\/uploads\/2016\/07\/logo.png","width":93,"height":94,"caption":"AUMIA"},"image":{"@id":"https:\/\/aumia.fr\/site\/#\/schema\/logo\/image\/"},"sameAs":["https:\/\/www.facebook.com\/AUMIA-Ile-dArz-101486511686123"]},{"@type":"Person","@id":"https:\/\/aumia.fr\/site\/#\/schema\/person\/4092de94cec41ecf4716893f195dba55","name":"AUMIA","image":{"@type":"ImageObject","inLanguage":"fr-FR","@id":"https:\/\/aumia.fr\/site\/#\/schema\/person\/image\/","url":"https:\/\/secure.gravatar.com\/avatar\/db192340f2dbd1711dea9519091c0bfd?s=96&d=mm&r=g","contentUrl":"https:\/\/secure.gravatar.com\/avatar\/db192340f2dbd1711dea9519091c0bfd?s=96&d=mm&r=g","caption":"AUMIA"}}]}},"jetpack_featured_media_url":"https:\/\/aumia.fr\/site\/wp-content\/uploads\/2020\/07\/conf-2020.jpg","_links":{"self":[{"href":"https:\/\/aumia.fr\/site\/wp-json\/wp\/v2\/posts\/237"}],"collection":[{"href":"https:\/\/aumia.fr\/site\/wp-json\/wp\/v2\/posts"}],"about":[{"href":"https:\/\/aumia.fr\/site\/wp-json\/wp\/v2\/types\/post"}],"author":[{"embeddable":true,"href":"https:\/\/aumia.fr\/site\/wp-json\/wp\/v2\/users\/1"}],"replies":[{"embeddable":true,"href":"https:\/\/aumia.fr\/site\/wp-json\/wp\/v2\/comments?post=237"}],"version-history":[{"count":3,"href":"https:\/\/aumia.fr\/site\/wp-json\/wp\/v2\/posts\/237\/revisions"}],"predecessor-version":[{"id":301,"href":"https:\/\/aumia.fr\/site\/wp-json\/wp\/v2\/posts\/237\/revisions\/301"}],"wp:featuredmedia":[{"embeddable":true,"href":"https:\/\/aumia.fr\/site\/wp-json\/wp\/v2\/media\/857"}],"wp:attachment":[{"href":"https:\/\/aumia.fr\/site\/wp-json\/wp\/v2\/media?parent=237"}],"wp:term":[{"taxonomy":"category","embeddable":true,"href":"https:\/\/aumia.fr\/site\/wp-json\/wp\/v2\/categories?post=237"},{"taxonomy":"post_tag","embeddable":true,"href":"https:\/\/aumia.fr\/site\/wp-json\/wp\/v2\/tags?post=237"}],"curies":[{"name":"wp","href":"https:\/\/api.w.org\/{rel}","templated":true}]}}