{"id":239,"date":"2020-07-01T09:58:49","date_gmt":"2020-07-01T07:58:49","guid":{"rendered":"http:\/\/aumia.fr\/?p=239"},"modified":"2022-12-12T09:46:57","modified_gmt":"2022-12-12T08:46:57","slug":"les-sorties-en-mer","status":"publish","type":"post","link":"https:\/\/aumia.fr\/site\/les-sorties-en-mer\/","title":{"rendered":"Les sorties en mer 2020"},"content":{"rendered":"<p><b><i>SORTIE EN \u00ab&nbsp;ESCADRE AUMIA&nbsp;\u00bb<\/i><\/b><\/p>\n<p><b><i>MARDI 18-MERCREDI 19 AO\u00dbT<\/i><\/b><\/p>\n<p><b><i>A L\u2019\u00ceLE D\u2019HO\u00cbDIC<\/i><\/b><\/p>\n<p><b><i>(organis\u00e9 par Philippe Rougier)<\/i><\/b><\/p>\n<p><b><i>&nbsp;<\/i><\/b><\/p>\n<ul>\n<li><b><i>Mardi 18&nbsp;: d\u00e9part vers 9h avec le jusant, visite guid\u00e9e du fort-mus\u00e9e, comp\u00e9tition de boules avec les champions d\u2019Ho\u00ebdic, ap\u00e9ro et d\u00eener en commun au restaurant.<\/i><\/b><\/li>\n<\/ul>\n<ul>\n<li><b><i>Mercredi 19&nbsp;: d\u00e9part vers 14h pour retour \u00e0 l\u2019\u00eele d\u2019Arz avec le flot (PM 20h \u00e0 Arradon, coef. 90)<\/i><\/b><\/li>\n<\/ul>\n<p>Inscription obligatoire sur <a href=\"mailto:animations@aumia.fr\">animations@aumia.fr<\/a><span class=\"Apple-converted-space\">&nbsp;<\/span><\/p>\n<p>rapidement pour les r\u00e9servations. A la charge des participants&nbsp;: place de port \u00e0 Ho\u00ebdic et d\u00eener.<\/p>\n","protected":false},"excerpt":{"rendered":"<p>SORTIE EN \u00ab&nbsp;ESCADRE AUMIA&nbsp;\u00bb MARDI 18-MERCREDI 19 AO\u00dbT A L\u2019\u00ceLE D\u2019HO\u00cbDIC (organis\u00e9 par Philippe Rougier) &nbsp; Mardi 18&nbsp;: d\u00e9part vers 9h avec le jusant, visite guid\u00e9e du fort-mus\u00e9e, comp\u00e9tition de [&hellip;]<\/p>\n","protected":false},"author":1,"featured_media":865,"comment_status":"closed","ping_status":"closed","sticky":false,"template":"","format":"standard","meta":{"_et_pb_use_builder":"","_et_pb_old_content":"","_et_gb_content_width":"","footnotes":""},"categories":[22],"tags":[],"yoast_head":"<!-- This site is optimized with the Yoast SEO plugin v22.6 - https:\/\/yoast.com\/wordpress\/plugins\/seo\/ -->\n<title>Les sorties en mer 2020 | AUMIA<\/title>\n<meta name=\"robots\" content=\"index, follow, max-snippet:-1, max-image-preview:large, max-video-preview:-1\" \/>\n<link rel=\"canonical\" href=\"https:\/\/aumia.fr\/site\/les-sorties-en-mer\/\" \/>\n<meta property=\"og:locale\" content=\"fr_FR\" \/>\n<meta property=\"og:type\" content=\"article\" \/>\n<meta property=\"og:title\" content=\"Les sorties en mer 2020 | AUMIA\" \/>\n<meta property=\"og:description\" content=\"SORTIE EN \u00ab&nbsp;ESCADRE AUMIA&nbsp;\u00bb MARDI 18-MERCREDI 19 AO\u00dbT A L\u2019\u00ceLE D\u2019HO\u00cbDIC (organis\u00e9 par Philippe Rougier) &nbsp; Mardi 18&nbsp;: d\u00e9part vers 9h avec le jusant, visite guid\u00e9e du fort-mus\u00e9e, comp\u00e9tition de [&hellip;]\" \/>\n<meta property=\"og:url\" content=\"https:\/\/aumia.fr\/site\/les-sorties-en-mer\/\" \/>\n<meta property=\"og:site_name\" content=\"AUMIA\" \/>\n<meta property=\"article:publisher\" content=\"https:\/\/www.facebook.com\/AUMIA-Ile-dArz-101486511686123\" \/>\n<meta property=\"article:published_time\" content=\"2020-07-01T07:58:49+00:00\" \/>\n<meta property=\"article:modified_time\" content=\"2022-12-12T08:46:57+00:00\" \/>\n<meta property=\"og:image\" content=\"http:\/\/aumia.fr\/site\/wp-content\/uploads\/2020\/07\/hoedic.jpg\" \/>\n\t<meta property=\"og:image:width\" content=\"800\" \/>\n\t<meta property=\"og:image:height\" content=\"513\" \/>\n\t<meta property=\"og:image:type\" content=\"image\/jpeg\" \/>\n<meta name=\"author\" content=\"AUMIA\" \/>\n<meta name=\"twitter:card\" content=\"summary_large_image\" \/>\n<meta name=\"twitter:label1\" content=\"\u00c9crit par\" \/>\n\t<meta name=\"twitter:data1\" content=\"AUMIA\" \/>\n\t<meta name=\"twitter:label2\" content=\"Dur\u00e9e de lecture estim\u00e9e\" \/>\n\t<meta name=\"twitter:data2\" content=\"1 minute\" \/>\n<script type=\"application\/ld+json\" class=\"yoast-schema-graph\">{\"@context\":\"https:\/\/schema.org\",\"@graph\":[{\"@type\":\"Article\",\"@id\":\"https:\/\/aumia.fr\/site\/les-sorties-en-mer\/#article\",\"isPartOf\":{\"@id\":\"https:\/\/aumia.fr\/site\/les-sorties-en-mer\/\"},\"author\":{\"name\":\"AUMIA\",\"@id\":\"https:\/\/aumia.fr\/site\/#\/schema\/person\/4092de94cec41ecf4716893f195dba55\"},\"headline\":\"Les sorties en mer 2020\",\"datePublished\":\"2020-07-01T07:58:49+00:00\",\"dateModified\":\"2022-12-12T08:46:57+00:00\",\"mainEntityOfPage\":{\"@id\":\"https:\/\/aumia.fr\/site\/les-sorties-en-mer\/\"},\"wordCount\":104,\"publisher\":{\"@id\":\"https:\/\/aumia.fr\/site\/#organization\"},\"image\":{\"@id\":\"https:\/\/aumia.fr\/site\/les-sorties-en-mer\/#primaryimage\"},\"thumbnailUrl\":\"https:\/\/aumia.fr\/site\/wp-content\/uploads\/2020\/07\/hoedic.jpg\",\"articleSection\":[\"Sorties et animations\"],\"inLanguage\":\"fr-FR\"},{\"@type\":\"WebPage\",\"@id\":\"https:\/\/aumia.fr\/site\/les-sorties-en-mer\/\",\"url\":\"https:\/\/aumia.fr\/site\/les-sorties-en-mer\/\",\"name\":\"Les sorties en mer 2020 | AUMIA\",\"isPartOf\":{\"@id\":\"https:\/\/aumia.fr\/site\/#website\"},\"primaryImageOfPage\":{\"@id\":\"https:\/\/aumia.fr\/site\/les-sorties-en-mer\/#primaryimage\"},\"image\":{\"@id\":\"https:\/\/aumia.fr\/site\/les-sorties-en-mer\/#primaryimage\"},\"thumbnailUrl\":\"https:\/\/aumia.fr\/site\/wp-content\/uploads\/2020\/07\/hoedic.jpg\",\"datePublished\":\"2020-07-01T07:58:49+00:00\",\"dateModified\":\"2022-12-12T08:46:57+00:00\",\"breadcrumb\":{\"@id\":\"https:\/\/aumia.fr\/site\/les-sorties-en-mer\/#breadcrumb\"},\"inLanguage\":\"fr-FR\",\"potentialAction\":[{\"@type\":\"ReadAction\",\"target\":[\"https:\/\/aumia.fr\/site\/les-sorties-en-mer\/\"]}]},{\"@type\":\"ImageObject\",\"inLanguage\":\"fr-FR\",\"@id\":\"https:\/\/aumia.fr\/site\/les-sorties-en-mer\/#primaryimage\",\"url\":\"https:\/\/aumia.fr\/site\/wp-content\/uploads\/2020\/07\/hoedic.jpg\",\"contentUrl\":\"https:\/\/aumia.fr\/site\/wp-content\/uploads\/2020\/07\/hoedic.jpg\",\"width\":800,\"height\":513},{\"@type\":\"BreadcrumbList\",\"@id\":\"https:\/\/aumia.fr\/site\/les-sorties-en-mer\/#breadcrumb\",\"itemListElement\":[{\"@type\":\"ListItem\",\"position\":1,\"name\":\"Home\",\"item\":\"https:\/\/aumia.fr\/site\/\"},{\"@type\":\"ListItem\",\"position\":2,\"name\":\"Les sorties en mer 2020\"}]},{\"@type\":\"WebSite\",\"@id\":\"https:\/\/aumia.fr\/site\/#website\",\"url\":\"https:\/\/aumia.fr\/site\/\",\"name\":\"AUMIA\",\"description\":\"Association des Usagers des Mouillages de l&#039;\u00eele d&#039;Arz\",\"publisher\":{\"@id\":\"https:\/\/aumia.fr\/site\/#organization\"},\"potentialAction\":[{\"@type\":\"SearchAction\",\"target\":{\"@type\":\"EntryPoint\",\"urlTemplate\":\"https:\/\/aumia.fr\/site\/?s={search_term_string}\"},\"query-input\":\"required name=search_term_string\"}],\"inLanguage\":\"fr-FR\"},{\"@type\":\"Organization\",\"@id\":\"https:\/\/aumia.fr\/site\/#organization\",\"name\":\"AUMIA\",\"url\":\"https:\/\/aumia.fr\/site\/\",\"logo\":{\"@type\":\"ImageObject\",\"inLanguage\":\"fr-FR\",\"@id\":\"https:\/\/aumia.fr\/site\/#\/schema\/logo\/image\/\",\"url\":\"https:\/\/aumia.fr\/site\/wp-content\/uploads\/2016\/07\/logo.png\",\"contentUrl\":\"https:\/\/aumia.fr\/site\/wp-content\/uploads\/2016\/07\/logo.png\",\"width\":93,\"height\":94,\"caption\":\"AUMIA\"},\"image\":{\"@id\":\"https:\/\/aumia.fr\/site\/#\/schema\/logo\/image\/\"},\"sameAs\":[\"https:\/\/www.facebook.com\/AUMIA-Ile-dArz-101486511686123\"]},{\"@type\":\"Person\",\"@id\":\"https:\/\/aumia.fr\/site\/#\/schema\/person\/4092de94cec41ecf4716893f195dba55\",\"name\":\"AUMIA\",\"image\":{\"@type\":\"ImageObject\",\"inLanguage\":\"fr-FR\",\"@id\":\"https:\/\/aumia.fr\/site\/#\/schema\/person\/image\/\",\"url\":\"https:\/\/secure.gravatar.com\/avatar\/db192340f2dbd1711dea9519091c0bfd?s=96&d=mm&r=g\",\"contentUrl\":\"https:\/\/secure.gravatar.com\/avatar\/db192340f2dbd1711dea9519091c0bfd?s=96&d=mm&r=g\",\"caption\":\"AUMIA\"}}]}<\/script>\n<!-- \/ Yoast SEO plugin. -->","yoast_head_json":{"title":"Les sorties en mer 2020 | AUMIA","robots":{"index":"index","follow":"follow","max-snippet":"max-snippet:-1","max-image-preview":"max-image-preview:large","max-video-preview":"max-video-preview:-1"},"canonical":"https:\/\/aumia.fr\/site\/les-sorties-en-mer\/","og_locale":"fr_FR","og_type":"article","og_title":"Les sorties en mer 2020 | AUMIA","og_description":"SORTIE EN \u00ab&nbsp;ESCADRE AUMIA&nbsp;\u00bb MARDI 18-MERCREDI 19 AO\u00dbT A L\u2019\u00ceLE D\u2019HO\u00cbDIC (organis\u00e9 par Philippe Rougier) &nbsp; Mardi 18&nbsp;: d\u00e9part vers 9h avec le jusant, visite guid\u00e9e du fort-mus\u00e9e, comp\u00e9tition de [&hellip;]","og_url":"https:\/\/aumia.fr\/site\/les-sorties-en-mer\/","og_site_name":"AUMIA","article_publisher":"https:\/\/www.facebook.com\/AUMIA-Ile-dArz-101486511686123","article_published_time":"2020-07-01T07:58:49+00:00","article_modified_time":"2022-12-12T08:46:57+00:00","og_image":[{"width":800,"height":513,"url":"http:\/\/aumia.fr\/site\/wp-content\/uploads\/2020\/07\/hoedic.jpg","type":"image\/jpeg"}],"author":"AUMIA","twitter_card":"summary_large_image","twitter_misc":{"\u00c9crit par":"AUMIA","Dur\u00e9e de lecture estim\u00e9e":"1 minute"},"schema":{"@context":"https:\/\/schema.org","@graph":[{"@type":"Article","@id":"https:\/\/aumia.fr\/site\/les-sorties-en-mer\/#article","isPartOf":{"@id":"https:\/\/aumia.fr\/site\/les-sorties-en-mer\/"},"author":{"name":"AUMIA","@id":"https:\/\/aumia.fr\/site\/#\/schema\/person\/4092de94cec41ecf4716893f195dba55"},"headline":"Les sorties en mer 2020","datePublished":"2020-07-01T07:58:49+00:00","dateModified":"2022-12-12T08:46:57+00:00","mainEntityOfPage":{"@id":"https:\/\/aumia.fr\/site\/les-sorties-en-mer\/"},"wordCount":104,"publisher":{"@id":"https:\/\/aumia.fr\/site\/#organization"},"image":{"@id":"https:\/\/aumia.fr\/site\/les-sorties-en-mer\/#primaryimage"},"thumbnailUrl":"https:\/\/aumia.fr\/site\/wp-content\/uploads\/2020\/07\/hoedic.jpg","articleSection":["Sorties et animations"],"inLanguage":"fr-FR"},{"@type":"WebPage","@id":"https:\/\/aumia.fr\/site\/les-sorties-en-mer\/","url":"https:\/\/aumia.fr\/site\/les-sorties-en-mer\/","name":"Les sorties en mer 2020 | AUMIA","isPartOf":{"@id":"https:\/\/aumia.fr\/site\/#website"},"primaryImageOfPage":{"@id":"https:\/\/aumia.fr\/site\/les-sorties-en-mer\/#primaryimage"},"image":{"@id":"https:\/\/aumia.fr\/site\/les-sorties-en-mer\/#primaryimage"},"thumbnailUrl":"https:\/\/aumia.fr\/site\/wp-content\/uploads\/2020\/07\/hoedic.jpg","datePublished":"2020-07-01T07:58:49+00:00","dateModified":"2022-12-12T08:46:57+00:00","breadcrumb":{"@id":"https:\/\/aumia.fr\/site\/les-sorties-en-mer\/#breadcrumb"},"inLanguage":"fr-FR","potentialAction":[{"@type":"ReadAction","target":["https:\/\/aumia.fr\/site\/les-sorties-en-mer\/"]}]},{"@type":"ImageObject","inLanguage":"fr-FR","@id":"https:\/\/aumia.fr\/site\/les-sorties-en-mer\/#primaryimage","url":"https:\/\/aumia.fr\/site\/wp-content\/uploads\/2020\/07\/hoedic.jpg","contentUrl":"https:\/\/aumia.fr\/site\/wp-content\/uploads\/2020\/07\/hoedic.jpg","width":800,"height":513},{"@type":"BreadcrumbList","@id":"https:\/\/aumia.fr\/site\/les-sorties-en-mer\/#breadcrumb","itemListElement":[{"@type":"ListItem","position":1,"name":"Home","item":"https:\/\/aumia.fr\/site\/"},{"@type":"ListItem","position":2,"name":"Les sorties en mer 2020"}]},{"@type":"WebSite","@id":"https:\/\/aumia.fr\/site\/#website","url":"https:\/\/aumia.fr\/site\/","name":"AUMIA","description":"Association des Usagers des Mouillages de l&#039;\u00eele d&#039;Arz","publisher":{"@id":"https:\/\/aumia.fr\/site\/#organization"},"potentialAction":[{"@type":"SearchAction","target":{"@type":"EntryPoint","urlTemplate":"https:\/\/aumia.fr\/site\/?s={search_term_string}"},"query-input":"required name=search_term_string"}],"inLanguage":"fr-FR"},{"@type":"Organization","@id":"https:\/\/aumia.fr\/site\/#organization","name":"AUMIA","url":"https:\/\/aumia.fr\/site\/","logo":{"@type":"ImageObject","inLanguage":"fr-FR","@id":"https:\/\/aumia.fr\/site\/#\/schema\/logo\/image\/","url":"https:\/\/aumia.fr\/site\/wp-content\/uploads\/2016\/07\/logo.png","contentUrl":"https:\/\/aumia.fr\/site\/wp-content\/uploads\/2016\/07\/logo.png","width":93,"height":94,"caption":"AUMIA"},"image":{"@id":"https:\/\/aumia.fr\/site\/#\/schema\/logo\/image\/"},"sameAs":["https:\/\/www.facebook.com\/AUMIA-Ile-dArz-101486511686123"]},{"@type":"Person","@id":"https:\/\/aumia.fr\/site\/#\/schema\/person\/4092de94cec41ecf4716893f195dba55","name":"AUMIA","image":{"@type":"ImageObject","inLanguage":"fr-FR","@id":"https:\/\/aumia.fr\/site\/#\/schema\/person\/image\/","url":"https:\/\/secure.gravatar.com\/avatar\/db192340f2dbd1711dea9519091c0bfd?s=96&d=mm&r=g","contentUrl":"https:\/\/secure.gravatar.com\/avatar\/db192340f2dbd1711dea9519091c0bfd?s=96&d=mm&r=g","caption":"AUMIA"}}]}},"jetpack_featured_media_url":"https:\/\/aumia.fr\/site\/wp-content\/uploads\/2020\/07\/hoedic.jpg","_links":{"self":[{"href":"https:\/\/aumia.fr\/site\/wp-json\/wp\/v2\/posts\/239"}],"collection":[{"href":"https:\/\/aumia.fr\/site\/wp-json\/wp\/v2\/posts"}],"about":[{"href":"https:\/\/aumia.fr\/site\/wp-json\/wp\/v2\/types\/post"}],"author":[{"embeddable":true,"href":"https:\/\/aumia.fr\/site\/wp-json\/wp\/v2\/users\/1"}],"replies":[{"embeddable":true,"href":"https:\/\/aumia.fr\/site\/wp-json\/wp\/v2\/comments?post=239"}],"version-history":[{"count":2,"href":"https:\/\/aumia.fr\/site\/wp-json\/wp\/v2\/posts\/239\/revisions"}],"predecessor-version":[{"id":300,"href":"https:\/\/aumia.fr\/site\/wp-json\/wp\/v2\/posts\/239\/revisions\/300"}],"wp:featuredmedia":[{"embeddable":true,"href":"https:\/\/aumia.fr\/site\/wp-json\/wp\/v2\/media\/865"}],"wp:attachment":[{"href":"https:\/\/aumia.fr\/site\/wp-json\/wp\/v2\/media?parent=239"}],"wp:term":[{"taxonomy":"category","embeddable":true,"href":"https:\/\/aumia.fr\/site\/wp-json\/wp\/v2\/categories?post=239"},{"taxonomy":"post_tag","embeddable":true,"href":"https:\/\/aumia.fr\/site\/wp-json\/wp\/v2\/tags?post=239"}],"curies":[{"name":"wp","href":"https:\/\/api.w.org\/{rel}","templated":true}]}}