{"id":310,"date":"2021-07-02T22:22:28","date_gmt":"2021-07-02T20:22:28","guid":{"rendered":"http:\/\/aumia.fr\/?p=310"},"modified":"2023-09-18T11:53:08","modified_gmt":"2023-09-18T09:53:08","slug":"programmes-des-animations-2021","status":"publish","type":"post","link":"https:\/\/aumia.fr\/site\/programmes-des-animations-2021\/","title":{"rendered":"Programmes des animations 2021"},"content":{"rendered":"\n\n\n<p>\/<\/p>\n\n\n\n<p><strong>Programme pr\u00e9visionnel des animations AUMIA pour la saison 2021.<\/strong><\/p>\n\n\n\n<p><strong>&nbsp;..<\/strong><\/p>\n\n\n\n<p>Le programme pr\u00e9vu pour la saison 2020 avait \u00e9t\u00e9 perturb\u00e9 par les confinements.&nbsp; En 2021, la Semaine du Golfe, la tourn\u00e9e des \u00eeles d\u2019INIZI et le festival des insulaires ont \u00e9t\u00e9 de nouveau annul\u00e9s. Mais ce n\u2019est pas une raison pour baisser les bras. Voici donc ce que l\u2019AUMIA propose \u00e0 ses adh\u00e9rents pour la prochaine saison&nbsp;:<\/p>\n\n\n\n<p>&nbsp;..<strong><\/strong><\/p>\n\n\n\n<p><strong>9 Juin&nbsp;: <\/strong>Visite guid\u00e9e du CROSS-A et du mus\u00e9e des thoniers. D\u00e9jeuner en commun dans un restaurant d\u2019Etel. Trajet en co-voiturage..<\/p>\n\n\n\n<p><strong>6-7 Juillet&nbsp;: <\/strong>sortie pour voiles et moteurs \u00e0 Saint-Goustan&nbsp;: visite guid\u00e9e de l\u2019histoire du port..<\/p>\n\n\n\n<p><strong>16 Juillet&nbsp;: <\/strong>sortie en flottille de kayakistes \u00e0 Ilur. Pique-nique en commun. Tour de l\u2019\u00eele. Visite guid\u00e9e par le PNR..<\/p>\n\n\n\n<p><strong>22 Juillet&nbsp;: <\/strong>conf\u00e9rence sur la navigation et les courants dans le Golfe (au Gourail, entr\u00e9e libre)..<\/p>\n\n\n\n<p><strong>23-26 juillet&nbsp;:<\/strong> pr\u00e9paration au permis c\u00f4tier (en partenariat avec Enez Kapad)..<strong><\/strong><\/p>\n\n\n\n<p><strong>2-5 ao\u00fbt&nbsp;: <\/strong>pr\u00e9paration au permis c\u00f4tier (en partenariat avec Enez Kapad)..<\/p>\n\n\n\n<p><strong>6 Ao\u00fbt&nbsp;: <\/strong>Mini-formation (co-organis\u00e9e avec la SNSM) sur la s\u00e9curit\u00e9 (entretien des brassi\u00e8res gonflables, utilisation des fus\u00e9es, appels de d\u00e9tresse\u2026) \u00e0 Penera..<\/p>\n\n\n\n<p><strong>&nbsp;17 Ao\u00fbt&nbsp;: <\/strong>AG de l\u2019AUMIA au Gourail..<\/p>\n\n\n\n<p><strong>19-20 Ao\u00fbt&nbsp;: <\/strong>sortie en flottille \u00e0 Ho\u00ebdic. Visite guid\u00e9e de l\u2019\u00eele. D\u00eener en commun. Concours de boules..<\/p>\n\n\n\n<p><strong>26 Ao\u00fbt&nbsp;: <\/strong>conf\u00e9rence de Yann R\u00e9gent sur les sinagots (au CIPM, entr\u00e9e libre)..<\/p>\n\n\n\n<p><strong>29 Octobre&nbsp;: <\/strong>conf\u00e9rence de Jacques de Certaines sur l\u2019Histoire des navigations au Cap Horn (au CIPM, entr\u00e9e libre)..<\/p>\n\n\n\n<p>&nbsp;..<\/p>\n\n\n\n<p>&nbsp;&nbsp;&nbsp;&nbsp;&nbsp;&nbsp;&nbsp;&nbsp; Contacts&nbsp;: animations@aumia.fr<\/p>\n","protected":false},"excerpt":{"rendered":"<p>\/ Programme pr\u00e9visionnel des animations AUMIA pour la saison 2021. &nbsp;.. Le programme pr\u00e9vu pour la saison 2020 avait \u00e9t\u00e9 perturb\u00e9 par les confinements.&nbsp; En 2021, la Semaine du Golfe, [&hellip;]<\/p>\n","protected":false},"author":1,"featured_media":0,"comment_status":"open","ping_status":"open","sticky":false,"template":"","format":"standard","meta":{"_et_pb_use_builder":"","_et_pb_old_content":"","_et_gb_content_width":"","footnotes":""},"categories":[46,22],"tags":[],"yoast_head":"<!-- This site is optimized with the Yoast SEO plugin v22.6 - https:\/\/yoast.com\/wordpress\/plugins\/seo\/ -->\n<title>Programmes des animations 2021 | AUMIA<\/title>\n<meta name=\"robots\" content=\"index, follow, max-snippet:-1, max-image-preview:large, max-video-preview:-1\" \/>\n<link rel=\"canonical\" href=\"https:\/\/aumia.fr\/site\/programmes-des-animations-2021\/\" \/>\n<meta property=\"og:locale\" content=\"fr_FR\" \/>\n<meta property=\"og:type\" content=\"article\" \/>\n<meta property=\"og:title\" content=\"Programmes des animations 2021 | AUMIA\" \/>\n<meta property=\"og:description\" content=\"\/ Programme pr\u00e9visionnel des animations AUMIA pour la saison 2021. &nbsp;.. Le programme pr\u00e9vu pour la saison 2020 avait \u00e9t\u00e9 perturb\u00e9 par les confinements.&nbsp; En 2021, la Semaine du Golfe, [&hellip;]\" \/>\n<meta property=\"og:url\" content=\"https:\/\/aumia.fr\/site\/programmes-des-animations-2021\/\" \/>\n<meta property=\"og:site_name\" content=\"AUMIA\" \/>\n<meta property=\"article:publisher\" content=\"https:\/\/www.facebook.com\/AUMIA-Ile-dArz-101486511686123\" \/>\n<meta property=\"article:published_time\" content=\"2021-07-02T20:22:28+00:00\" \/>\n<meta property=\"article:modified_time\" content=\"2023-09-18T09:53:08+00:00\" \/>\n<meta property=\"og:image\" content=\"https:\/\/aumia.fr\/site\/wp-content\/uploads\/2022\/07\/Capture-de\u0301cran-2022-07-04-a\u0300-13.37.28.png\" \/>\n\t<meta property=\"og:image:width\" content=\"1439\" \/>\n\t<meta property=\"og:image:height\" content=\"727\" \/>\n\t<meta property=\"og:image:type\" content=\"image\/png\" \/>\n<meta name=\"author\" content=\"AUMIA\" \/>\n<meta name=\"twitter:card\" content=\"summary_large_image\" \/>\n<meta name=\"twitter:label1\" content=\"\u00c9crit par\" \/>\n\t<meta name=\"twitter:data1\" content=\"AUMIA\" \/>\n\t<meta name=\"twitter:label2\" content=\"Dur\u00e9e de lecture estim\u00e9e\" \/>\n\t<meta name=\"twitter:data2\" content=\"1 minute\" \/>\n<script type=\"application\/ld+json\" class=\"yoast-schema-graph\">{\"@context\":\"https:\/\/schema.org\",\"@graph\":[{\"@type\":\"Article\",\"@id\":\"https:\/\/aumia.fr\/site\/programmes-des-animations-2021\/#article\",\"isPartOf\":{\"@id\":\"https:\/\/aumia.fr\/site\/programmes-des-animations-2021\/\"},\"author\":{\"name\":\"AUMIA\",\"@id\":\"https:\/\/aumia.fr\/site\/#\/schema\/person\/4092de94cec41ecf4716893f195dba55\"},\"headline\":\"Programmes des animations 2021\",\"datePublished\":\"2021-07-02T20:22:28+00:00\",\"dateModified\":\"2023-09-18T09:53:08+00:00\",\"mainEntityOfPage\":{\"@id\":\"https:\/\/aumia.fr\/site\/programmes-des-animations-2021\/\"},\"wordCount\":299,\"commentCount\":0,\"publisher\":{\"@id\":\"https:\/\/aumia.fr\/site\/#organization\"},\"articleSection\":[\"2021\",\"Sorties et animations\"],\"inLanguage\":\"fr-FR\",\"potentialAction\":[{\"@type\":\"CommentAction\",\"name\":\"Comment\",\"target\":[\"https:\/\/aumia.fr\/site\/programmes-des-animations-2021\/#respond\"]}]},{\"@type\":\"WebPage\",\"@id\":\"https:\/\/aumia.fr\/site\/programmes-des-animations-2021\/\",\"url\":\"https:\/\/aumia.fr\/site\/programmes-des-animations-2021\/\",\"name\":\"Programmes des animations 2021 | AUMIA\",\"isPartOf\":{\"@id\":\"https:\/\/aumia.fr\/site\/#website\"},\"datePublished\":\"2021-07-02T20:22:28+00:00\",\"dateModified\":\"2023-09-18T09:53:08+00:00\",\"breadcrumb\":{\"@id\":\"https:\/\/aumia.fr\/site\/programmes-des-animations-2021\/#breadcrumb\"},\"inLanguage\":\"fr-FR\",\"potentialAction\":[{\"@type\":\"ReadAction\",\"target\":[\"https:\/\/aumia.fr\/site\/programmes-des-animations-2021\/\"]}]},{\"@type\":\"BreadcrumbList\",\"@id\":\"https:\/\/aumia.fr\/site\/programmes-des-animations-2021\/#breadcrumb\",\"itemListElement\":[{\"@type\":\"ListItem\",\"position\":1,\"name\":\"Home\",\"item\":\"https:\/\/aumia.fr\/site\/\"},{\"@type\":\"ListItem\",\"position\":2,\"name\":\"Programmes des animations 2021\"}]},{\"@type\":\"WebSite\",\"@id\":\"https:\/\/aumia.fr\/site\/#website\",\"url\":\"https:\/\/aumia.fr\/site\/\",\"name\":\"AUMIA\",\"description\":\"Association des Usagers des Mouillages de l&#039;\u00eele d&#039;Arz\",\"publisher\":{\"@id\":\"https:\/\/aumia.fr\/site\/#organization\"},\"potentialAction\":[{\"@type\":\"SearchAction\",\"target\":{\"@type\":\"EntryPoint\",\"urlTemplate\":\"https:\/\/aumia.fr\/site\/?s={search_term_string}\"},\"query-input\":\"required name=search_term_string\"}],\"inLanguage\":\"fr-FR\"},{\"@type\":\"Organization\",\"@id\":\"https:\/\/aumia.fr\/site\/#organization\",\"name\":\"AUMIA\",\"url\":\"https:\/\/aumia.fr\/site\/\",\"logo\":{\"@type\":\"ImageObject\",\"inLanguage\":\"fr-FR\",\"@id\":\"https:\/\/aumia.fr\/site\/#\/schema\/logo\/image\/\",\"url\":\"https:\/\/aumia.fr\/site\/wp-content\/uploads\/2016\/07\/logo.png\",\"contentUrl\":\"https:\/\/aumia.fr\/site\/wp-content\/uploads\/2016\/07\/logo.png\",\"width\":93,\"height\":94,\"caption\":\"AUMIA\"},\"image\":{\"@id\":\"https:\/\/aumia.fr\/site\/#\/schema\/logo\/image\/\"},\"sameAs\":[\"https:\/\/www.facebook.com\/AUMIA-Ile-dArz-101486511686123\"]},{\"@type\":\"Person\",\"@id\":\"https:\/\/aumia.fr\/site\/#\/schema\/person\/4092de94cec41ecf4716893f195dba55\",\"name\":\"AUMIA\",\"image\":{\"@type\":\"ImageObject\",\"inLanguage\":\"fr-FR\",\"@id\":\"https:\/\/aumia.fr\/site\/#\/schema\/person\/image\/\",\"url\":\"https:\/\/secure.gravatar.com\/avatar\/db192340f2dbd1711dea9519091c0bfd?s=96&d=mm&r=g\",\"contentUrl\":\"https:\/\/secure.gravatar.com\/avatar\/db192340f2dbd1711dea9519091c0bfd?s=96&d=mm&r=g\",\"caption\":\"AUMIA\"}}]}<\/script>\n<!-- \/ Yoast SEO plugin. -->","yoast_head_json":{"title":"Programmes des animations 2021 | AUMIA","robots":{"index":"index","follow":"follow","max-snippet":"max-snippet:-1","max-image-preview":"max-image-preview:large","max-video-preview":"max-video-preview:-1"},"canonical":"https:\/\/aumia.fr\/site\/programmes-des-animations-2021\/","og_locale":"fr_FR","og_type":"article","og_title":"Programmes des animations 2021 | AUMIA","og_description":"\/ Programme pr\u00e9visionnel des animations AUMIA pour la saison 2021. &nbsp;.. Le programme pr\u00e9vu pour la saison 2020 avait \u00e9t\u00e9 perturb\u00e9 par les confinements.&nbsp; En 2021, la Semaine du Golfe, [&hellip;]","og_url":"https:\/\/aumia.fr\/site\/programmes-des-animations-2021\/","og_site_name":"AUMIA","article_publisher":"https:\/\/www.facebook.com\/AUMIA-Ile-dArz-101486511686123","article_published_time":"2021-07-02T20:22:28+00:00","article_modified_time":"2023-09-18T09:53:08+00:00","og_image":[{"width":1439,"height":727,"url":"https:\/\/aumia.fr\/site\/wp-content\/uploads\/2022\/07\/Capture-de\u0301cran-2022-07-04-a\u0300-13.37.28.png","type":"image\/png"}],"author":"AUMIA","twitter_card":"summary_large_image","twitter_misc":{"\u00c9crit par":"AUMIA","Dur\u00e9e de lecture estim\u00e9e":"1 minute"},"schema":{"@context":"https:\/\/schema.org","@graph":[{"@type":"Article","@id":"https:\/\/aumia.fr\/site\/programmes-des-animations-2021\/#article","isPartOf":{"@id":"https:\/\/aumia.fr\/site\/programmes-des-animations-2021\/"},"author":{"name":"AUMIA","@id":"https:\/\/aumia.fr\/site\/#\/schema\/person\/4092de94cec41ecf4716893f195dba55"},"headline":"Programmes des animations 2021","datePublished":"2021-07-02T20:22:28+00:00","dateModified":"2023-09-18T09:53:08+00:00","mainEntityOfPage":{"@id":"https:\/\/aumia.fr\/site\/programmes-des-animations-2021\/"},"wordCount":299,"commentCount":0,"publisher":{"@id":"https:\/\/aumia.fr\/site\/#organization"},"articleSection":["2021","Sorties et animations"],"inLanguage":"fr-FR","potentialAction":[{"@type":"CommentAction","name":"Comment","target":["https:\/\/aumia.fr\/site\/programmes-des-animations-2021\/#respond"]}]},{"@type":"WebPage","@id":"https:\/\/aumia.fr\/site\/programmes-des-animations-2021\/","url":"https:\/\/aumia.fr\/site\/programmes-des-animations-2021\/","name":"Programmes des animations 2021 | AUMIA","isPartOf":{"@id":"https:\/\/aumia.fr\/site\/#website"},"datePublished":"2021-07-02T20:22:28+00:00","dateModified":"2023-09-18T09:53:08+00:00","breadcrumb":{"@id":"https:\/\/aumia.fr\/site\/programmes-des-animations-2021\/#breadcrumb"},"inLanguage":"fr-FR","potentialAction":[{"@type":"ReadAction","target":["https:\/\/aumia.fr\/site\/programmes-des-animations-2021\/"]}]},{"@type":"BreadcrumbList","@id":"https:\/\/aumia.fr\/site\/programmes-des-animations-2021\/#breadcrumb","itemListElement":[{"@type":"ListItem","position":1,"name":"Home","item":"https:\/\/aumia.fr\/site\/"},{"@type":"ListItem","position":2,"name":"Programmes des animations 2021"}]},{"@type":"WebSite","@id":"https:\/\/aumia.fr\/site\/#website","url":"https:\/\/aumia.fr\/site\/","name":"AUMIA","description":"Association des Usagers des Mouillages de l&#039;\u00eele d&#039;Arz","publisher":{"@id":"https:\/\/aumia.fr\/site\/#organization"},"potentialAction":[{"@type":"SearchAction","target":{"@type":"EntryPoint","urlTemplate":"https:\/\/aumia.fr\/site\/?s={search_term_string}"},"query-input":"required name=search_term_string"}],"inLanguage":"fr-FR"},{"@type":"Organization","@id":"https:\/\/aumia.fr\/site\/#organization","name":"AUMIA","url":"https:\/\/aumia.fr\/site\/","logo":{"@type":"ImageObject","inLanguage":"fr-FR","@id":"https:\/\/aumia.fr\/site\/#\/schema\/logo\/image\/","url":"https:\/\/aumia.fr\/site\/wp-content\/uploads\/2016\/07\/logo.png","contentUrl":"https:\/\/aumia.fr\/site\/wp-content\/uploads\/2016\/07\/logo.png","width":93,"height":94,"caption":"AUMIA"},"image":{"@id":"https:\/\/aumia.fr\/site\/#\/schema\/logo\/image\/"},"sameAs":["https:\/\/www.facebook.com\/AUMIA-Ile-dArz-101486511686123"]},{"@type":"Person","@id":"https:\/\/aumia.fr\/site\/#\/schema\/person\/4092de94cec41ecf4716893f195dba55","name":"AUMIA","image":{"@type":"ImageObject","inLanguage":"fr-FR","@id":"https:\/\/aumia.fr\/site\/#\/schema\/person\/image\/","url":"https:\/\/secure.gravatar.com\/avatar\/db192340f2dbd1711dea9519091c0bfd?s=96&d=mm&r=g","contentUrl":"https:\/\/secure.gravatar.com\/avatar\/db192340f2dbd1711dea9519091c0bfd?s=96&d=mm&r=g","caption":"AUMIA"}}]}},"jetpack_featured_media_url":"","_links":{"self":[{"href":"https:\/\/aumia.fr\/site\/wp-json\/wp\/v2\/posts\/310"}],"collection":[{"href":"https:\/\/aumia.fr\/site\/wp-json\/wp\/v2\/posts"}],"about":[{"href":"https:\/\/aumia.fr\/site\/wp-json\/wp\/v2\/types\/post"}],"author":[{"embeddable":true,"href":"https:\/\/aumia.fr\/site\/wp-json\/wp\/v2\/users\/1"}],"replies":[{"embeddable":true,"href":"https:\/\/aumia.fr\/site\/wp-json\/wp\/v2\/comments?post=310"}],"version-history":[{"count":1,"href":"https:\/\/aumia.fr\/site\/wp-json\/wp\/v2\/posts\/310\/revisions"}],"predecessor-version":[{"id":311,"href":"https:\/\/aumia.fr\/site\/wp-json\/wp\/v2\/posts\/310\/revisions\/311"}],"wp:attachment":[{"href":"https:\/\/aumia.fr\/site\/wp-json\/wp\/v2\/media?parent=310"}],"wp:term":[{"taxonomy":"category","embeddable":true,"href":"https:\/\/aumia.fr\/site\/wp-json\/wp\/v2\/categories?post=310"},{"taxonomy":"post_tag","embeddable":true,"href":"https:\/\/aumia.fr\/site\/wp-json\/wp\/v2\/tags?post=310"}],"curies":[{"name":"wp","href":"https:\/\/api.w.org\/{rel}","templated":true}]}}