{"id":320,"date":"2021-07-03T13:41:17","date_gmt":"2021-07-03T11:41:17","guid":{"rendered":"http:\/\/aumia.fr\/?p=320"},"modified":"2023-09-18T11:52:44","modified_gmt":"2023-09-18T09:52:44","slug":"sortie-st-goustan-les-6-et-7-juillet","status":"publish","type":"post","link":"https:\/\/aumia.fr\/site\/sortie-st-goustan-les-6-et-7-juillet\/","title":{"rendered":"Sortie St Goustan les 6 et 7 juillet 2021"},"content":{"rendered":"\n<figure class=\"wp-block-image size-large\"><a href=\"http:\/\/aumia.fr\/site\/wp-content\/uploads\/2021\/07\/Nouvelle-Affiche-Croisiere-a-Saint-Goustan-1.pdf\"><img decoding=\"async\" loading=\"lazy\" width=\"725\" height=\"1024\" src=\"http:\/\/aumia.fr\/site\/wp-content\/uploads\/2021\/07\/Nouvelle-Affiche-Croisiere-a-Saint-Goustan-1-pdf-725x1024.jpg\" alt=\"\" class=\"wp-image-323\"\/><\/a><\/figure>\n","protected":false},"excerpt":{"rendered":"","protected":false},"author":1,"featured_media":860,"comment_status":"closed","ping_status":"closed","sticky":false,"template":"","format":"standard","meta":{"_et_pb_use_builder":"","_et_pb_old_content":"","_et_gb_content_width":"","footnotes":""},"categories":[46,22],"tags":[],"yoast_head":"<!-- This site is optimized with the Yoast SEO plugin v22.6 - https:\/\/yoast.com\/wordpress\/plugins\/seo\/ -->\n<title>Sortie St Goustan les 6 et 7 juillet 2021 | AUMIA<\/title>\n<meta name=\"robots\" content=\"index, follow, max-snippet:-1, max-image-preview:large, max-video-preview:-1\" \/>\n<link rel=\"canonical\" href=\"https:\/\/aumia.fr\/site\/sortie-st-goustan-les-6-et-7-juillet\/\" \/>\n<meta property=\"og:locale\" content=\"fr_FR\" \/>\n<meta property=\"og:type\" content=\"article\" \/>\n<meta property=\"og:title\" content=\"Sortie St Goustan les 6 et 7 juillet 2021 | AUMIA\" \/>\n<meta property=\"og:url\" content=\"https:\/\/aumia.fr\/site\/sortie-st-goustan-les-6-et-7-juillet\/\" \/>\n<meta property=\"og:site_name\" content=\"AUMIA\" \/>\n<meta property=\"article:publisher\" content=\"https:\/\/www.facebook.com\/AUMIA-Ile-dArz-101486511686123\" \/>\n<meta property=\"article:published_time\" content=\"2021-07-03T11:41:17+00:00\" \/>\n<meta property=\"article:modified_time\" content=\"2023-09-18T09:52:44+00:00\" \/>\n<meta property=\"og:image\" content=\"http:\/\/aumia.fr\/site\/wp-content\/uploads\/2021\/07\/stgoustan.jpg\" \/>\n\t<meta property=\"og:image:width\" content=\"800\" \/>\n\t<meta property=\"og:image:height\" content=\"513\" \/>\n\t<meta property=\"og:image:type\" content=\"image\/jpeg\" \/>\n<meta name=\"author\" content=\"AUMIA\" \/>\n<meta name=\"twitter:card\" content=\"summary_large_image\" \/>\n<meta name=\"twitter:label1\" content=\"\u00c9crit par\" \/>\n\t<meta name=\"twitter:data1\" content=\"AUMIA\" \/>\n\t<meta name=\"twitter:label2\" content=\"Dur\u00e9e de lecture estim\u00e9e\" \/>\n\t<meta name=\"twitter:data2\" content=\"1 minute\" \/>\n<script type=\"application\/ld+json\" class=\"yoast-schema-graph\">{\"@context\":\"https:\/\/schema.org\",\"@graph\":[{\"@type\":\"Article\",\"@id\":\"https:\/\/aumia.fr\/site\/sortie-st-goustan-les-6-et-7-juillet\/#article\",\"isPartOf\":{\"@id\":\"https:\/\/aumia.fr\/site\/sortie-st-goustan-les-6-et-7-juillet\/\"},\"author\":{\"name\":\"AUMIA\",\"@id\":\"https:\/\/aumia.fr\/site\/#\/schema\/person\/4092de94cec41ecf4716893f195dba55\"},\"headline\":\"Sortie St Goustan les 6 et 7 juillet 2021\",\"datePublished\":\"2021-07-03T11:41:17+00:00\",\"dateModified\":\"2023-09-18T09:52:44+00:00\",\"mainEntityOfPage\":{\"@id\":\"https:\/\/aumia.fr\/site\/sortie-st-goustan-les-6-et-7-juillet\/\"},\"wordCount\":6,\"publisher\":{\"@id\":\"https:\/\/aumia.fr\/site\/#organization\"},\"image\":{\"@id\":\"https:\/\/aumia.fr\/site\/sortie-st-goustan-les-6-et-7-juillet\/#primaryimage\"},\"thumbnailUrl\":\"https:\/\/aumia.fr\/site\/wp-content\/uploads\/2021\/07\/stgoustan.jpg\",\"articleSection\":[\"2021\",\"Sorties et animations\"],\"inLanguage\":\"fr-FR\"},{\"@type\":\"WebPage\",\"@id\":\"https:\/\/aumia.fr\/site\/sortie-st-goustan-les-6-et-7-juillet\/\",\"url\":\"https:\/\/aumia.fr\/site\/sortie-st-goustan-les-6-et-7-juillet\/\",\"name\":\"Sortie St Goustan les 6 et 7 juillet 2021 | AUMIA\",\"isPartOf\":{\"@id\":\"https:\/\/aumia.fr\/site\/#website\"},\"primaryImageOfPage\":{\"@id\":\"https:\/\/aumia.fr\/site\/sortie-st-goustan-les-6-et-7-juillet\/#primaryimage\"},\"image\":{\"@id\":\"https:\/\/aumia.fr\/site\/sortie-st-goustan-les-6-et-7-juillet\/#primaryimage\"},\"thumbnailUrl\":\"https:\/\/aumia.fr\/site\/wp-content\/uploads\/2021\/07\/stgoustan.jpg\",\"datePublished\":\"2021-07-03T11:41:17+00:00\",\"dateModified\":\"2023-09-18T09:52:44+00:00\",\"breadcrumb\":{\"@id\":\"https:\/\/aumia.fr\/site\/sortie-st-goustan-les-6-et-7-juillet\/#breadcrumb\"},\"inLanguage\":\"fr-FR\",\"potentialAction\":[{\"@type\":\"ReadAction\",\"target\":[\"https:\/\/aumia.fr\/site\/sortie-st-goustan-les-6-et-7-juillet\/\"]}]},{\"@type\":\"ImageObject\",\"inLanguage\":\"fr-FR\",\"@id\":\"https:\/\/aumia.fr\/site\/sortie-st-goustan-les-6-et-7-juillet\/#primaryimage\",\"url\":\"https:\/\/aumia.fr\/site\/wp-content\/uploads\/2021\/07\/stgoustan.jpg\",\"contentUrl\":\"https:\/\/aumia.fr\/site\/wp-content\/uploads\/2021\/07\/stgoustan.jpg\",\"width\":800,\"height\":513},{\"@type\":\"BreadcrumbList\",\"@id\":\"https:\/\/aumia.fr\/site\/sortie-st-goustan-les-6-et-7-juillet\/#breadcrumb\",\"itemListElement\":[{\"@type\":\"ListItem\",\"position\":1,\"name\":\"Home\",\"item\":\"https:\/\/aumia.fr\/site\/\"},{\"@type\":\"ListItem\",\"position\":2,\"name\":\"Sortie St Goustan les 6 et 7 juillet 2021\"}]},{\"@type\":\"WebSite\",\"@id\":\"https:\/\/aumia.fr\/site\/#website\",\"url\":\"https:\/\/aumia.fr\/site\/\",\"name\":\"AUMIA\",\"description\":\"Association des Usagers des Mouillages de l&#039;\u00eele d&#039;Arz\",\"publisher\":{\"@id\":\"https:\/\/aumia.fr\/site\/#organization\"},\"potentialAction\":[{\"@type\":\"SearchAction\",\"target\":{\"@type\":\"EntryPoint\",\"urlTemplate\":\"https:\/\/aumia.fr\/site\/?s={search_term_string}\"},\"query-input\":\"required name=search_term_string\"}],\"inLanguage\":\"fr-FR\"},{\"@type\":\"Organization\",\"@id\":\"https:\/\/aumia.fr\/site\/#organization\",\"name\":\"AUMIA\",\"url\":\"https:\/\/aumia.fr\/site\/\",\"logo\":{\"@type\":\"ImageObject\",\"inLanguage\":\"fr-FR\",\"@id\":\"https:\/\/aumia.fr\/site\/#\/schema\/logo\/image\/\",\"url\":\"https:\/\/aumia.fr\/site\/wp-content\/uploads\/2016\/07\/logo.png\",\"contentUrl\":\"https:\/\/aumia.fr\/site\/wp-content\/uploads\/2016\/07\/logo.png\",\"width\":93,\"height\":94,\"caption\":\"AUMIA\"},\"image\":{\"@id\":\"https:\/\/aumia.fr\/site\/#\/schema\/logo\/image\/\"},\"sameAs\":[\"https:\/\/www.facebook.com\/AUMIA-Ile-dArz-101486511686123\"]},{\"@type\":\"Person\",\"@id\":\"https:\/\/aumia.fr\/site\/#\/schema\/person\/4092de94cec41ecf4716893f195dba55\",\"name\":\"AUMIA\",\"image\":{\"@type\":\"ImageObject\",\"inLanguage\":\"fr-FR\",\"@id\":\"https:\/\/aumia.fr\/site\/#\/schema\/person\/image\/\",\"url\":\"https:\/\/secure.gravatar.com\/avatar\/db192340f2dbd1711dea9519091c0bfd?s=96&d=mm&r=g\",\"contentUrl\":\"https:\/\/secure.gravatar.com\/avatar\/db192340f2dbd1711dea9519091c0bfd?s=96&d=mm&r=g\",\"caption\":\"AUMIA\"}}]}<\/script>\n<!-- \/ Yoast SEO plugin. -->","yoast_head_json":{"title":"Sortie St Goustan les 6 et 7 juillet 2021 | AUMIA","robots":{"index":"index","follow":"follow","max-snippet":"max-snippet:-1","max-image-preview":"max-image-preview:large","max-video-preview":"max-video-preview:-1"},"canonical":"https:\/\/aumia.fr\/site\/sortie-st-goustan-les-6-et-7-juillet\/","og_locale":"fr_FR","og_type":"article","og_title":"Sortie St Goustan les 6 et 7 juillet 2021 | AUMIA","og_url":"https:\/\/aumia.fr\/site\/sortie-st-goustan-les-6-et-7-juillet\/","og_site_name":"AUMIA","article_publisher":"https:\/\/www.facebook.com\/AUMIA-Ile-dArz-101486511686123","article_published_time":"2021-07-03T11:41:17+00:00","article_modified_time":"2023-09-18T09:52:44+00:00","og_image":[{"width":800,"height":513,"url":"http:\/\/aumia.fr\/site\/wp-content\/uploads\/2021\/07\/stgoustan.jpg","type":"image\/jpeg"}],"author":"AUMIA","twitter_card":"summary_large_image","twitter_misc":{"\u00c9crit par":"AUMIA","Dur\u00e9e de lecture estim\u00e9e":"1 minute"},"schema":{"@context":"https:\/\/schema.org","@graph":[{"@type":"Article","@id":"https:\/\/aumia.fr\/site\/sortie-st-goustan-les-6-et-7-juillet\/#article","isPartOf":{"@id":"https:\/\/aumia.fr\/site\/sortie-st-goustan-les-6-et-7-juillet\/"},"author":{"name":"AUMIA","@id":"https:\/\/aumia.fr\/site\/#\/schema\/person\/4092de94cec41ecf4716893f195dba55"},"headline":"Sortie St Goustan les 6 et 7 juillet 2021","datePublished":"2021-07-03T11:41:17+00:00","dateModified":"2023-09-18T09:52:44+00:00","mainEntityOfPage":{"@id":"https:\/\/aumia.fr\/site\/sortie-st-goustan-les-6-et-7-juillet\/"},"wordCount":6,"publisher":{"@id":"https:\/\/aumia.fr\/site\/#organization"},"image":{"@id":"https:\/\/aumia.fr\/site\/sortie-st-goustan-les-6-et-7-juillet\/#primaryimage"},"thumbnailUrl":"https:\/\/aumia.fr\/site\/wp-content\/uploads\/2021\/07\/stgoustan.jpg","articleSection":["2021","Sorties et animations"],"inLanguage":"fr-FR"},{"@type":"WebPage","@id":"https:\/\/aumia.fr\/site\/sortie-st-goustan-les-6-et-7-juillet\/","url":"https:\/\/aumia.fr\/site\/sortie-st-goustan-les-6-et-7-juillet\/","name":"Sortie St Goustan les 6 et 7 juillet 2021 | AUMIA","isPartOf":{"@id":"https:\/\/aumia.fr\/site\/#website"},"primaryImageOfPage":{"@id":"https:\/\/aumia.fr\/site\/sortie-st-goustan-les-6-et-7-juillet\/#primaryimage"},"image":{"@id":"https:\/\/aumia.fr\/site\/sortie-st-goustan-les-6-et-7-juillet\/#primaryimage"},"thumbnailUrl":"https:\/\/aumia.fr\/site\/wp-content\/uploads\/2021\/07\/stgoustan.jpg","datePublished":"2021-07-03T11:41:17+00:00","dateModified":"2023-09-18T09:52:44+00:00","breadcrumb":{"@id":"https:\/\/aumia.fr\/site\/sortie-st-goustan-les-6-et-7-juillet\/#breadcrumb"},"inLanguage":"fr-FR","potentialAction":[{"@type":"ReadAction","target":["https:\/\/aumia.fr\/site\/sortie-st-goustan-les-6-et-7-juillet\/"]}]},{"@type":"ImageObject","inLanguage":"fr-FR","@id":"https:\/\/aumia.fr\/site\/sortie-st-goustan-les-6-et-7-juillet\/#primaryimage","url":"https:\/\/aumia.fr\/site\/wp-content\/uploads\/2021\/07\/stgoustan.jpg","contentUrl":"https:\/\/aumia.fr\/site\/wp-content\/uploads\/2021\/07\/stgoustan.jpg","width":800,"height":513},{"@type":"BreadcrumbList","@id":"https:\/\/aumia.fr\/site\/sortie-st-goustan-les-6-et-7-juillet\/#breadcrumb","itemListElement":[{"@type":"ListItem","position":1,"name":"Home","item":"https:\/\/aumia.fr\/site\/"},{"@type":"ListItem","position":2,"name":"Sortie St Goustan les 6 et 7 juillet 2021"}]},{"@type":"WebSite","@id":"https:\/\/aumia.fr\/site\/#website","url":"https:\/\/aumia.fr\/site\/","name":"AUMIA","description":"Association des Usagers des Mouillages de l&#039;\u00eele d&#039;Arz","publisher":{"@id":"https:\/\/aumia.fr\/site\/#organization"},"potentialAction":[{"@type":"SearchAction","target":{"@type":"EntryPoint","urlTemplate":"https:\/\/aumia.fr\/site\/?s={search_term_string}"},"query-input":"required name=search_term_string"}],"inLanguage":"fr-FR"},{"@type":"Organization","@id":"https:\/\/aumia.fr\/site\/#organization","name":"AUMIA","url":"https:\/\/aumia.fr\/site\/","logo":{"@type":"ImageObject","inLanguage":"fr-FR","@id":"https:\/\/aumia.fr\/site\/#\/schema\/logo\/image\/","url":"https:\/\/aumia.fr\/site\/wp-content\/uploads\/2016\/07\/logo.png","contentUrl":"https:\/\/aumia.fr\/site\/wp-content\/uploads\/2016\/07\/logo.png","width":93,"height":94,"caption":"AUMIA"},"image":{"@id":"https:\/\/aumia.fr\/site\/#\/schema\/logo\/image\/"},"sameAs":["https:\/\/www.facebook.com\/AUMIA-Ile-dArz-101486511686123"]},{"@type":"Person","@id":"https:\/\/aumia.fr\/site\/#\/schema\/person\/4092de94cec41ecf4716893f195dba55","name":"AUMIA","image":{"@type":"ImageObject","inLanguage":"fr-FR","@id":"https:\/\/aumia.fr\/site\/#\/schema\/person\/image\/","url":"https:\/\/secure.gravatar.com\/avatar\/db192340f2dbd1711dea9519091c0bfd?s=96&d=mm&r=g","contentUrl":"https:\/\/secure.gravatar.com\/avatar\/db192340f2dbd1711dea9519091c0bfd?s=96&d=mm&r=g","caption":"AUMIA"}}]}},"jetpack_featured_media_url":"https:\/\/aumia.fr\/site\/wp-content\/uploads\/2021\/07\/stgoustan.jpg","_links":{"self":[{"href":"https:\/\/aumia.fr\/site\/wp-json\/wp\/v2\/posts\/320"}],"collection":[{"href":"https:\/\/aumia.fr\/site\/wp-json\/wp\/v2\/posts"}],"about":[{"href":"https:\/\/aumia.fr\/site\/wp-json\/wp\/v2\/types\/post"}],"author":[{"embeddable":true,"href":"https:\/\/aumia.fr\/site\/wp-json\/wp\/v2\/users\/1"}],"replies":[{"embeddable":true,"href":"https:\/\/aumia.fr\/site\/wp-json\/wp\/v2\/comments?post=320"}],"version-history":[{"count":2,"href":"https:\/\/aumia.fr\/site\/wp-json\/wp\/v2\/posts\/320\/revisions"}],"predecessor-version":[{"id":667,"href":"https:\/\/aumia.fr\/site\/wp-json\/wp\/v2\/posts\/320\/revisions\/667"}],"wp:featuredmedia":[{"embeddable":true,"href":"https:\/\/aumia.fr\/site\/wp-json\/wp\/v2\/media\/860"}],"wp:attachment":[{"href":"https:\/\/aumia.fr\/site\/wp-json\/wp\/v2\/media?parent=320"}],"wp:term":[{"taxonomy":"category","embeddable":true,"href":"https:\/\/aumia.fr\/site\/wp-json\/wp\/v2\/categories?post=320"},{"taxonomy":"post_tag","embeddable":true,"href":"https:\/\/aumia.fr\/site\/wp-json\/wp\/v2\/tags?post=320"}],"curies":[{"name":"wp","href":"https:\/\/api.w.org\/{rel}","templated":true}]}}